{"id":17988,"date":"2024-11-15T18:05:58","date_gmt":"2024-11-15T17:05:58","guid":{"rendered":"https:\/\/culmia.dev.emood.es\/?p=17988"},"modified":"2025-09-23T13:52:05","modified_gmt":"2025-09-23T11:52:05","slug":"culmia-lanza-sus-i-premios-de-arquitectura-culmiarq","status":"publish","type":"post","link":"https:\/\/www.culmia.com\/es\/blog\/culmia-lanza-sus-i-premios-de-arquitectura-culmiarq\/","title":{"rendered":"Culmia lanza sus I Premios de Arquitectura: CulmiARQ"},"content":{"rendered":"<p>\u2022 Los I Premios Arquitectura de Culmia fomentan la creatividad y el dise\u00f1o en la arquitectura y premian proyectos innovadores en materia de vivienda colectiva y sostenibilidad.<\/p> <p>\u2022 El jurado est\u00e1 compuesto por reconocidas personalidades de la arquitectura, la sostenibilidad y del sector inmobiliario.<\/p> <p>\u2022 El periodo de recepci\u00f3n de candidaturas estar\u00e1 abierto a partir del 12 de noviembre hasta el pr\u00f3ximo 27 de enero.<\/p> <p>\u2022 Los finalistas seleccionados recibir\u00e1n una cuant\u00eda de 2.000\u20ac cada uno, mientras que el premio para el proyecto ganador ser\u00e1 de 10.000\u20ac.<\/p> <p><img decoding=\"async\" class=\"alignnone size-full wp-image-17991\" src=\"https:\/\/www.culmia.com\/wp-content\/uploads\/2025\/09\/th_Inscribete-1920-x-672-px-1.png\" alt=\"\" width=\"1920\" height=\"905\" title=\"\" srcset=\"https:\/\/www.culmia.com\/wp-content\/uploads\/2025\/09\/th_Inscribete-1920-x-672-px-1-200x94.png 200w, https:\/\/www.culmia.com\/wp-content\/uploads\/2025\/09\/th_Inscribete-1920-x-672-px-1-300x141.png 300w, https:\/\/www.culmia.com\/wp-content\/uploads\/2025\/09\/th_Inscribete-1920-x-672-px-1-400x189.png 400w, https:\/\/www.culmia.com\/wp-content\/uploads\/2025\/09\/th_Inscribete-1920-x-672-px-1-600x283.png 600w, https:\/\/www.culmia.com\/wp-content\/uploads\/2025\/09\/th_Inscribete-1920-x-672-px-1-768x362.png 768w, https:\/\/www.culmia.com\/wp-content\/uploads\/2025\/09\/th_Inscribete-1920-x-672-px-1-800x377.png 800w, https:\/\/www.culmia.com\/wp-content\/uploads\/2025\/09\/th_Inscribete-1920-x-672-px-1-1024x483.png 1024w, https:\/\/www.culmia.com\/wp-content\/uploads\/2025\/09\/th_Inscribete-1920-x-672-px-1-1200x566.png 1200w, https:\/\/www.culmia.com\/wp-content\/uploads\/2025\/09\/th_Inscribete-1920-x-672-px-1-1536x724.png 1536w, https:\/\/www.culmia.com\/wp-content\/uploads\/2025\/09\/th_Inscribete-1920-x-672-px-1.png 1920w\" sizes=\"(max-width: 1920px) 100vw, 1920px\" \/><\/p> <p><strong>Culmia,<\/strong>\u00a0la plataforma inmobiliaria que concentra \u00edntegramente las soluciones de vivienda del mercado<strong>, lanza sus I Premios de Arquitectura: CulmiARQ.<\/strong>\u00a0En l\u00ednea con su\u00a0<strong>apuesta por la arquitectura, la innovaci\u00f3n y la<a href=\"https:\/\/www.culmia.com\/es\/destino-sostenible\">\u00a0sostenibilidad,<\/a><\/strong>\u00a0estos premios buscan\u00a0<strong>fomentar la creatividad, la innovaci\u00f3n y el dise\u00f1o en el sector de la arquitectura residencial.<\/strong><\/p> <p>Las r\u00e1pidas transformaciones sociales y tecnol\u00f3gicas est\u00e1n produciendo cambios relevantes en los \u00e1mbitos econ\u00f3micos, demogr\u00e1ficos, culturales y productivos de nuestras ciudades y, a su vez, estos est\u00e1n teniendo un impacto directo sobre las necesidades de las familias que las habitan. Ante esta realidad cambiante, Culmia desarroll\u00f3 el a\u00f1o pasado el\u00a0<strong>informe \u2018<a href=\"https:\/\/www.culmia.com\/es\/actualidad\/tendencias-futuro-vivienda-2030\">Macrotendencias en torno a la vivienda 2023-2030<\/a>\u2019<\/strong>\u00a0junto a la consultora A Piece of Pie, para recoger las principales caracter\u00edsticas que marcar\u00e1n el hogar en los pr\u00f3ximos a\u00f1os. En este sentido, los\u00a0<strong>I Premios CulmiARQ buscan reconocer iniciativas arquitect\u00f3nicas que se alineen con estas tendencias y respondan a las nuevas demandas habitacionales<\/strong>, en una realidad cada vez m\u00e1s cambiante y diversa.<\/p> <p>El\u00a0<strong>comit\u00e9 del jurado,<\/strong>\u00a0que evaluar\u00e1 cada uno de los proyectos presentados en base a criterios de calidad arquitect\u00f3nica, innovaci\u00f3n tipol\u00f3gica, sostenibilidad, salud e industrializaci\u00f3n, est\u00e1 compuesto por r<strong>econocidas personalidades del sector inmobiliario<\/strong>, la arquitectura y la sostenibilidad. En concreto, integra a expertos como Francisco P\u00e9rez, CEO de Culmia y presidente del jurado; as\u00ed como C\u00e9sar Fr\u00edas, fundador de Morph Estudio; Ferm\u00edn V\u00e1zquez, arquitecto director de b720; Enric Batlle, socio fundador de Batlleiroig; Camila Aybar, directora en de Aybar Mateos Arquitectos; Jos\u00e9 Toral, socio fundador de Peris+Toral Arquitectes; y Sonia Hern\u00e1ndez, fundadora de Arquitectura Sana.<\/p> <p><strong>Dirigido a arquitectos de toda Espa\u00f1a<\/strong>, los participantes deber\u00e1n presentar sus respectivos proyectos sobre una parcela te\u00f3rica ubicada en un sector de nuevo desarrollo urban\u00edstico, en Madrid.<\/p> <p>El periodo de<strong>\u00a0recepci\u00f3n de candidaturas estar\u00e1 abierto a partir del 12 de noviembre hasta el pr\u00f3ximo 27 de enero<\/strong>\u00a0y constar\u00e1 de dos fases. Una vez seleccionados los finalistas, estos podr\u00e1n completar la documentaci\u00f3n de la propuesta en una segunda entrega. El jurado llevar\u00e1 a cabo una segunda evaluaci\u00f3n, para seleccionar el proyecto ganador que m\u00e1s destaque en materia de innovaci\u00f3n, impacto ambiental y social y capacidad para adaptarse a las tendencias actuales en materia de vivienda colectiva.<\/p> <p>En palabras de<strong>\u00a0Francisco P\u00e9rez<\/strong>, CEO de Culmia: \u201c<strong>apostamos firmemente por la innovaci\u00f3n y la sostenibilidad como pilares fundamentales de la vivienda del futuro.<\/strong>\u00a0Los I Premios de Arquitectura CulmiARQ reflejan nuestra apuesta por la arquitectura e innovaci\u00f3n, fomentando proyectos que den respuesta a las necesidades de los nuevos hogares de una sociedad cada vez m\u00e1s diversa y cambiante, contribuyendo al desarrollo de espacios m\u00e1s sostenibles, saludables, accesibles y respetuosos con el entorno\u201d.<\/p> <p>La gala de entrega de los premios se celebrar\u00e1 en la primavera del a\u00f1o que viene, y<strong>\u00a0los finalistas seleccionados recibir\u00e1n una cuant\u00eda de 2.000 euros cada uno<\/strong>, mientras que el proyecto ganador contar\u00e1 con un premio econ\u00f3mico de 10.000 euros.<\/p> <p><strong>Si quieres participar en los I Premios CulmiARQ accede a la p\u00e1gina web www.culmiarq.com y encontrar\u00e1s toda la informaci\u00f3n.<\/strong><\/p>","protected":false},"excerpt":{"rendered":"<p>\u2022 Los I Premios Arquitectura de Culmia fomentan la creatividad &#8230;<\/p>\n","protected":false},"author":15,"featured_media":17991,"comment_status":"open","ping_status":"open","sticky":false,"template":"","format":"standard","meta":{"_acf_changed":false,"footnotes":""},"categories":[121,1306],"tags":[],"class_list":["post-17988","post","type-post","status-publish","format-standard","has-post-thumbnail","hentry","category-actualidad","category-culmia"],"acf":[],"_links":{"self":[{"href":"https:\/\/www.culmia.com\/es\/wp-json\/wp\/v2\/posts\/17988","targetHints":{"allow":["GET"]}}],"collection":[{"href":"https:\/\/www.culmia.com\/es\/wp-json\/wp\/v2\/posts"}],"about":[{"href":"https:\/\/www.culmia.com\/es\/wp-json\/wp\/v2\/types\/post"}],"author":[{"embeddable":true,"href":"https:\/\/www.culmia.com\/es\/wp-json\/wp\/v2\/users\/15"}],"replies":[{"embeddable":true,"href":"https:\/\/www.culmia.com\/es\/wp-json\/wp\/v2\/comments?post=17988"}],"version-history":[{"count":2,"href":"https:\/\/www.culmia.com\/es\/wp-json\/wp\/v2\/posts\/17988\/revisions"}],"predecessor-version":[{"id":17994,"href":"https:\/\/www.culmia.com\/es\/wp-json\/wp\/v2\/posts\/17988\/revisions\/17994"}],"wp:featuredmedia":[{"embeddable":true,"href":"https:\/\/www.culmia.com\/es\/wp-json\/wp\/v2\/media\/17991"}],"wp:attachment":[{"href":"https:\/\/www.culmia.com\/es\/wp-json\/wp\/v2\/media?parent=17988"}],"wp:term":[{"taxonomy":"category","embeddable":true,"href":"https:\/\/www.culmia.com\/es\/wp-json\/wp\/v2\/categories?post=17988"},{"taxonomy":"post_tag","embeddable":true,"href":"https:\/\/www.culmia.com\/es\/wp-json\/wp\/v2\/tags?post=17988"}],"curies":[{"name":"wp","href":"https:\/\/api.w.org\/{rel}","templated":true}]}}