{"id":17964,"date":"2024-12-03T15:12:29","date_gmt":"2024-12-03T14:12:29","guid":{"rendered":"https:\/\/culmia.dev.emood.es\/?p=17964"},"modified":"2025-09-11T15:16:38","modified_gmt":"2025-09-11T13:16:38","slug":"culmia-inicia-las-obras-de-su-promocion-culmia-matxitxako-bidea-en-vizcaya","status":"publish","type":"post","link":"https:\/\/www.culmia.com\/es\/blog\/culmia-inicia-las-obras-de-su-promocion-culmia-matxitxako-bidea-en-vizcaya\/","title":{"rendered":"Culmia inicia las obras de su promoci\u00f3n Culmia Matxitxako Bidea en Vizcaya"},"content":{"rendered":"<ul> <li>El conjunto residencial se encuentra en el municipio costero de Bermeo y est\u00e1 compuesto por 30 viviendas de 2, 3 y 4 dormitorios, todas ellas con plaza de garaje.<\/li> <\/ul> <ul> <li>Tambi\u00e9n cuenta con diferentes tipolog\u00edas de viviendas divididas en dos edificios independientes con grandes terrazas y bajos con jard\u00edn privado.<\/li> <\/ul> <ul> <li>La promoci\u00f3n se encuentra ubicada en la localidad de Bermeo, pr\u00f3xima a la Reserva de la Biosfera de Urdaibai, San Juan de Gaztelugatxe y de las playas de Laga y Laida.<\/li> <\/ul> <ul> <li>Culmia Matxitxako Bidea cuenta con calificaci\u00f3n energ\u00e9tica B.<\/li> <\/ul> <p><img decoding=\"async\" class=\"alignnone size-full wp-image-17965\" src=\"https:\/\/www.culmia.com\/wp-content\/uploads\/2025\/09\/th_Matxitxaco-5.jpg\" alt=\"\" width=\"1920\" height=\"905\" title=\"\" srcset=\"https:\/\/www.culmia.com\/wp-content\/uploads\/2025\/09\/th_Matxitxaco-5-200x94.jpg 200w, https:\/\/www.culmia.com\/wp-content\/uploads\/2025\/09\/th_Matxitxaco-5-300x141.jpg 300w, https:\/\/www.culmia.com\/wp-content\/uploads\/2025\/09\/th_Matxitxaco-5-400x189.jpg 400w, https:\/\/www.culmia.com\/wp-content\/uploads\/2025\/09\/th_Matxitxaco-5-600x283.jpg 600w, https:\/\/www.culmia.com\/wp-content\/uploads\/2025\/09\/th_Matxitxaco-5-768x362.jpg 768w, https:\/\/www.culmia.com\/wp-content\/uploads\/2025\/09\/th_Matxitxaco-5-800x377.jpg 800w, https:\/\/www.culmia.com\/wp-content\/uploads\/2025\/09\/th_Matxitxaco-5-1024x483.jpg 1024w, https:\/\/www.culmia.com\/wp-content\/uploads\/2025\/09\/th_Matxitxaco-5-1200x566.jpg 1200w, https:\/\/www.culmia.com\/wp-content\/uploads\/2025\/09\/th_Matxitxaco-5-1536x724.jpg 1536w, https:\/\/www.culmia.com\/wp-content\/uploads\/2025\/09\/th_Matxitxaco-5.jpg 1920w\" sizes=\"(max-width: 1920px) 100vw, 1920px\" \/><\/p> <p>Culmia, la plataforma inmobiliaria que concentra \u00edntegramente las soluciones de vivienda del mercado, da comienzo a las obras de su promoci\u00f3n<strong>\u00a0<a href=\"https:\/\/www.culmia.com\/es\/promociones\/vizcaya\/bermeo\/culmia-matxitxako-bidea\">Culmia Matxitxako Bidea<\/a>\u00a0<\/strong>ubicada en\u00a0<strong>Bermeo<\/strong>, un municipio costero de la provincia de\u00a0<strong>Vizcaya<\/strong>. De hecho, se encuentra en el \u00fanico desarrollo activo del municipio, situado entre Matxitxako Bidea y Atalde Bidea, un sector altamente valorado.<\/p> <p>La promoci\u00f3n est\u00e1 formada por un total de\u00a0<strong>30 viviendas<\/strong>\u00a0de 2, 3 y 4 dormitorios de superficie desde los 100 m<sup>2<\/sup>\u00a0hasta los 144 m<sup>2<\/sup>, divididas en dos edificios con diferentes tipolog\u00edas y tama\u00f1os: viviendas en planta baja con jard\u00edn y terraza privada y viviendas en altura con grandes terrazas. Culmia Matxitxako Bidea dispone, adem\u00e1s, de 50 plazas de garaje y 27 trasteros disponibles para todas las viviendas.<\/p> <p>En materia de sostenibilidad, el conjunto residencial cuenta con\u00a0<strong>calificaci\u00f3n energ\u00e9tica B,<\/strong>\u00a0obtenida gracias a la incorporaci\u00f3n de materiales que reducen la dependencia de consumos energ\u00e9ticos, garantizando una\u00a0<strong>vivienda sostenible<\/strong>\u00a0y\u00a0<strong>eficiente<\/strong>\u00a0a largo plazo. Las grandes ventanas de las viviendas permiten la entrada de luz natural, lo que contribuye tambi\u00e9n a un mayor ahorro y eficiencia energ\u00e9tica.<\/p> <p>Adem\u00e1s, Culmia Matxitxako Bidea cuenta tambi\u00e9n con los\u00a0<strong>certificados propios de sostenibilidad<\/strong>\u00a0de Culmia. La promoci\u00f3n tiene en cuenta numerosos criterios para minimizar el impacto medioambiental y favorecer el bienestar de los usuarios, obteniendo as\u00ed el certificado Jade en Sostenibilidad y el certificado Cuarzo en Salud.<\/p> <p>Ubicada en la localidad de Bermeo, la promoci\u00f3n se encuentra pr\u00f3xima a la\u00a0<strong>Reserva de la Biosfera de Urdaibai, San Juan de Gaztelugatxe<\/strong>\u00a0y de las\u00a0<strong>playas de Laga<\/strong>\u00a0y\u00a0<strong>Laida<\/strong>, y a tan solo 10 minutos de la playa Aritzatxu. Adem\u00e1s, Culmia Matxitxako est\u00e1 a menos de una hora en coche o autob\u00fas de la capital de Vizcaya, Bilbao, y cuenta con todos los\u00a0servicios necesarios alrededor, tales como tiendas, supermercados, centros escolares o restaurantes.<\/p> <p>Asimismo, est\u00e1 perfectamente comunicada a trav\u00e9s de transporte p\u00fablico con l\u00edneas de autob\u00fas que unen Bermeo con\u00a0<strong>Gernika<\/strong>,\u00a0<strong>Mungia<\/strong>\u00a0y\u00a0<strong>Bilbao<\/strong>, y tambi\u00e9n con la l\u00ednea 4 de tren que conecta con\u00a0<strong>Euskotren<\/strong>,\u00a0<strong>Mundaka, Gernika, Amorebieta<\/strong>\u00a0y\u00a0<strong>Bilbao<\/strong>. El Aeropuerto Internacional de Bilbao tambi\u00e9n se encuentra a escasos 30 minutos de la promoci\u00f3n.<\/p> <p>Para Celso G\u00f3mez, Director territorial de Culmia en Centro y Norte, \u201cel inicio de obras de Culmia Matxitxako Bidea se suma a nuestra promoci\u00f3n Culmia Aritzatxu Berdea y refuerza nuestra apuesta por un enclave estrat\u00e9gico como este, con f\u00e1cil acceso a las principales zonas de Vizcaya. Esta promoci\u00f3n apuesta por un equilibrio entre calidad y funcionalidad para adaptarse a las diferentes necesidades de nuestros clientes\u201d.<\/p> <p>Desde 2013, Culmia ya ha entregado m\u00e1s de 7.400 viviendas en m\u00e1s de 115 promociones.<\/p> <p>Te recomendamos leer esta nota de prensa escuchando\u00a0<a href=\"https:\/\/open.spotify.com\/playlist\/5CgpjMR8bueA7Op09xMoZl\" rel=\"nofollow noopener\" target=\"_blank\">nuestra playlist \u2018Destino, Pa\u00eds Vasco\u2019<\/a>.<\/p>","protected":false},"excerpt":{"rendered":"<p>El conjunto residencial se encuentra en el municipio costero de &#8230;<\/p>\n","protected":false},"author":15,"featured_media":17965,"comment_status":"open","ping_status":"open","sticky":false,"template":"","format":"standard","meta":{"_acf_changed":false,"footnotes":""},"categories":[121,1306],"tags":[],"class_list":["post-17964","post","type-post","status-publish","format-standard","has-post-thumbnail","hentry","category-actualidad","category-culmia"],"acf":[],"_links":{"self":[{"href":"https:\/\/www.culmia.com\/es\/wp-json\/wp\/v2\/posts\/17964","targetHints":{"allow":["GET"]}}],"collection":[{"href":"https:\/\/www.culmia.com\/es\/wp-json\/wp\/v2\/posts"}],"about":[{"href":"https:\/\/www.culmia.com\/es\/wp-json\/wp\/v2\/types\/post"}],"author":[{"embeddable":true,"href":"https:\/\/www.culmia.com\/es\/wp-json\/wp\/v2\/users\/15"}],"replies":[{"embeddable":true,"href":"https:\/\/www.culmia.com\/es\/wp-json\/wp\/v2\/comments?post=17964"}],"version-history":[{"count":1,"href":"https:\/\/www.culmia.com\/es\/wp-json\/wp\/v2\/posts\/17964\/revisions"}],"predecessor-version":[{"id":17968,"href":"https:\/\/www.culmia.com\/es\/wp-json\/wp\/v2\/posts\/17964\/revisions\/17968"}],"wp:featuredmedia":[{"embeddable":true,"href":"https:\/\/www.culmia.com\/es\/wp-json\/wp\/v2\/media\/17965"}],"wp:attachment":[{"href":"https:\/\/www.culmia.com\/es\/wp-json\/wp\/v2\/media?parent=17964"}],"wp:term":[{"taxonomy":"category","embeddable":true,"href":"https:\/\/www.culmia.com\/es\/wp-json\/wp\/v2\/categories?post=17964"},{"taxonomy":"post_tag","embeddable":true,"href":"https:\/\/www.culmia.com\/es\/wp-json\/wp\/v2\/tags?post=17964"}],"curies":[{"name":"wp","href":"https:\/\/api.w.org\/{rel}","templated":true}]}}