{"id":17928,"date":"2024-12-30T14:43:42","date_gmt":"2024-12-30T13:43:42","guid":{"rendered":"https:\/\/culmia.dev.emood.es\/?p=17928"},"modified":"2026-03-17T15:42:36","modified_gmt":"2026-03-17T14:42:36","slug":"culmia-compra-suelo-en-el-barrio-de-santa-olaya-en-gijon-para-desarrollar-su-cuarta-promocion","status":"publish","type":"post","link":"https:\/\/www.culmia.com\/es\/blog\/culmia-compra-suelo-en-el-barrio-de-santa-olaya-en-gijon-para-desarrollar-su-cuarta-promocion\/","title":{"rendered":"Culmia compra suelo en el barrio de Santa Olaya en Gij\u00f3n para desarrollar su cuarta promoci\u00f3n"},"content":{"rendered":"<ul> <li>Adquiere al Club de Nataci\u00f3n Santa Olaya su participaci\u00f3n en una parcela de 1.760 metros cuadrados en el PERI de El Arbeyal para desarrollar 63 viviendas.<\/li> <li>Invertir\u00e1 13,5 millones de euros en el desarrollo de su cuarta promoci\u00f3n en esta zona gijonesa.<\/li> <li>Con este cuarto desarrollo, Culmia concluye su proyecto en este sector donde ya ha entregado 48 viviendas y est\u00e1n en fase de desarrollo 114 m\u00e1s.<\/li> <\/ul> <p><img decoding=\"async\" class=\"alignnone size-full wp-image-17929\" src=\"https:\/\/www.culmia.com\/wp-content\/uploads\/2025\/09\/th_Diseno-sin-titulo-7.jpg\" alt=\"\" width=\"1920\" height=\"905\" title=\"\" srcset=\"https:\/\/www.culmia.com\/wp-content\/uploads\/2025\/09\/th_Diseno-sin-titulo-7-200x94.jpg 200w, https:\/\/www.culmia.com\/wp-content\/uploads\/2025\/09\/th_Diseno-sin-titulo-7-300x141.jpg 300w, https:\/\/www.culmia.com\/wp-content\/uploads\/2025\/09\/th_Diseno-sin-titulo-7-400x189.jpg 400w, https:\/\/www.culmia.com\/wp-content\/uploads\/2025\/09\/th_Diseno-sin-titulo-7-600x283.jpg 600w, https:\/\/www.culmia.com\/wp-content\/uploads\/2025\/09\/th_Diseno-sin-titulo-7-768x362.jpg 768w, https:\/\/www.culmia.com\/wp-content\/uploads\/2025\/09\/th_Diseno-sin-titulo-7-800x377.jpg 800w, https:\/\/www.culmia.com\/wp-content\/uploads\/2025\/09\/th_Diseno-sin-titulo-7-1024x483.jpg 1024w, https:\/\/www.culmia.com\/wp-content\/uploads\/2025\/09\/th_Diseno-sin-titulo-7-1200x566.jpg 1200w, https:\/\/www.culmia.com\/wp-content\/uploads\/2025\/09\/th_Diseno-sin-titulo-7-1536x724.jpg 1536w, https:\/\/www.culmia.com\/wp-content\/uploads\/2025\/09\/th_Diseno-sin-titulo-7.jpg 1920w\" sizes=\"(max-width: 1920px) 100vw, 1920px\" \/><\/p> <p>Culmia, la plataforma inmobiliaria que integra las soluciones de vivienda del mercado, invierte\u00a0<strong>13,5 millones de euros<\/strong>\u00a0en su cuarta promoci\u00f3n ubicada en el barrio de\u00a0<strong>Santa Olaya de Gij\u00f3n<\/strong>, donde desarrollar\u00e1 un total de\u00a0<strong>63 viviendas<\/strong>. La promotora ha adquirido al\u00a0<strong>Club de Nataci\u00f3n Santa Olaya<\/strong>\u00a0su participaci\u00f3n en una parcela de 1.760 metros cuadrados en el PERI de El Arbeyal, donde ya cuenta con\u00a0<strong>tres promociones\u00a0<\/strong>e inicia ahora<strong>\u00a0Culmia Arbeyal IV\u00a0<a href=\"https:\/\/www.culmia.com\/es\/actualidad\/culmia-entrega-viviendas-gijon-asturias\">Gij\u00f3n<\/a>.<\/strong><\/p> <p>Tras alcanzar un acuerdo para la adquisici\u00f3n de esta cuarta parcela, inicialmente compartida con el Club de Nataci\u00f3n Santa Olaya, Culmia avanza con esta nueva promoci\u00f3n. Con ella, Culmia levantar\u00e1 un total de\u00a0<strong>223 viviendas<\/strong>\u00a0que suman las cuatro parcelas que tiene en esta zona, habiendo entregado ya un total de\u00a0<strong>48 viviendas<\/strong>\u00a0y con\u00a0<strong>114 m\u00e1s actualmente en desarrollo<\/strong>.<\/p> <p>Culmia Arbeyal IV Gij\u00f3n dispone de viviendas distribuidas en varias tipolog\u00edas, desde 55 m<sup>2\u00a0<\/sup>a 110 m<sup>2<\/sup>, con opciones de uno, dos y tres dormitorios, y cuentan adem\u00e1s con garaje, trastero y sala social.<\/p> <p>En materia de sostenibilidad, cabe destacar que la promoci\u00f3n cuenta con\u00a0<strong>calificaci\u00f3n energ\u00e9tica A<\/strong>, donde se implementar\u00e1 sistema de aerotermia para la climatizaci\u00f3n y producci\u00f3n de energ\u00eda centralizada.<\/p> <p>Culmia comenzar\u00e1 las obras de estas 63 viviendas en el segundo semestre de 2025, con la\u00a0<strong>entrega prevista para el 2028<\/strong>. La comercializaci\u00f3n de estas empezara a partir de Junio de 2025.<\/p> <p>Esta cuarta promoci\u00f3n se encuentra a escasos metros del\u00a0<strong>club nataci\u00f3n Santa Olaya<\/strong>, en pleno centro del <a href=\"https:\/\/youtu.be\/H_EgkhiFh3E\" rel=\"nofollow noopener\" target=\"_blank\">paseo mar\u00edtimo.<\/a> Se trata de una zona consolidada al\u00a0<strong>oeste de Gij\u00f3n<\/strong>, en pleno proceso de expansi\u00f3n, con todo tipo de servicios y \u00e1reas comerciales alrededor.<\/p> <p>En cuanto al transporte, Culmia Arbeyal IV Gij\u00f3n est\u00e1 perfectamente conectada con la\u00a0<strong>autov\u00eda GJ-10<\/strong>\u00a0y la autopista\u00a0<strong>A-8<\/strong>. Adem\u00e1s, cuenta con numerosas l\u00edneas de autobuses cercanas y est\u00e1 a poco m\u00e1s de\u00a0<strong>25 minutos andando del casco antiguo de la ciudad<\/strong>.<\/p> <p>Para Celso G\u00f3mez, director territorial centro y norte de Culmia, \u201cCulmia Arbeyal IV Gij\u00f3n refuerza nuestra apuesta por Asturias y, en particular, por el barrio de Santa Olaya en Gij\u00f3n, donde contamos con tres promociones en un sector en plena expansi\u00f3n y crecimiento, y afianzamos nuestra posici\u00f3n con esta cuarta y \u00faltima fase del proyecto\u201d.<\/p> <p>Desde 2013, Culmia ya ha entregado m\u00e1s de\u00a0<strong>7.400 viviendas\u00a0<\/strong>en m\u00e1s de<strong>\u00a0115 promociones.<\/strong><\/p> <p>Te recomendamos leer esta nota de prensa escuchando\u00a0<a href=\"https:\/\/open.spotify.com\/playlist\/7gKPCYQSgI2IMXJx5bxjS4\" rel=\"nofollow noopener\" target=\"_blank\">nuestra playlist \u2018Destino, Asturias\u2019<\/a>.<\/p> <p>&nbsp;<\/p>","protected":false},"excerpt":{"rendered":"<p>Adquiere al Club de Nataci\u00f3n Santa Olaya su participaci\u00f3n en &#8230;<\/p>\n","protected":false},"author":15,"featured_media":17929,"comment_status":"open","ping_status":"open","sticky":false,"template":"","format":"standard","meta":{"_acf_changed":false,"footnotes":""},"categories":[121,1306],"tags":[],"class_list":["post-17928","post","type-post","status-publish","format-standard","has-post-thumbnail","hentry","category-actualidad","category-culmia"],"acf":[],"_links":{"self":[{"href":"https:\/\/www.culmia.com\/es\/wp-json\/wp\/v2\/posts\/17928","targetHints":{"allow":["GET"]}}],"collection":[{"href":"https:\/\/www.culmia.com\/es\/wp-json\/wp\/v2\/posts"}],"about":[{"href":"https:\/\/www.culmia.com\/es\/wp-json\/wp\/v2\/types\/post"}],"author":[{"embeddable":true,"href":"https:\/\/www.culmia.com\/es\/wp-json\/wp\/v2\/users\/15"}],"replies":[{"embeddable":true,"href":"https:\/\/www.culmia.com\/es\/wp-json\/wp\/v2\/comments?post=17928"}],"version-history":[{"count":2,"href":"https:\/\/www.culmia.com\/es\/wp-json\/wp\/v2\/posts\/17928\/revisions"}],"predecessor-version":[{"id":31847,"href":"https:\/\/www.culmia.com\/es\/wp-json\/wp\/v2\/posts\/17928\/revisions\/31847"}],"wp:featuredmedia":[{"embeddable":true,"href":"https:\/\/www.culmia.com\/es\/wp-json\/wp\/v2\/media\/17929"}],"wp:attachment":[{"href":"https:\/\/www.culmia.com\/es\/wp-json\/wp\/v2\/media?parent=17928"}],"wp:term":[{"taxonomy":"category","embeddable":true,"href":"https:\/\/www.culmia.com\/es\/wp-json\/wp\/v2\/categories?post=17928"},{"taxonomy":"post_tag","embeddable":true,"href":"https:\/\/www.culmia.com\/es\/wp-json\/wp\/v2\/tags?post=17928"}],"curies":[{"name":"wp","href":"https:\/\/api.w.org\/{rel}","templated":true}]}}