{"id":17919,"date":"2025-01-13T14:39:29","date_gmt":"2025-01-13T13:39:29","guid":{"rendered":"https:\/\/culmia.dev.emood.es\/?p=17919"},"modified":"2025-09-11T14:42:02","modified_gmt":"2025-09-11T12:42:02","slug":"culmia-entrega-su-promocion-santa-catalina-ii-en-jaen","status":"publish","type":"post","link":"https:\/\/www.culmia.com\/es\/blog\/culmia-entrega-su-promocion-santa-catalina-ii-en-jaen\/","title":{"rendered":"Culmia entrega su promoci\u00f3n Santa Catalina II en Ja\u00e9n"},"content":{"rendered":"<ul> <li>\u00a0Culmia Santa Catalina II est\u00e1 formada por 54 amplias viviendas de 2, 3 y 4 dormitorios, 66 plazas de garaje, 50 trasteros en general y s\u00f3tano, y un local comercial.<\/li> <li>El conjunto residencial dispone tambi\u00e9n de una piscina comunitaria en la azotea.<\/li> <\/ul> <ul> <li>Ubicada en la Avenida de Andaluc\u00eda de la capital de Ja\u00e9n, la promoci\u00f3n se encuentra en una zona con multitud de servicios y comodidades.<\/li> <\/ul> <ul> <li>La promoci\u00f3n cuenta con calificaci\u00f3n energ\u00e9tica B.<\/li> <\/ul> <p><img decoding=\"async\" class=\"alignnone size-full wp-image-17920\" src=\"https:\/\/www.culmia.com\/wp-content\/uploads\/2025\/09\/th_Imagenes-NDP-4.jpg\" alt=\"\" width=\"1920\" height=\"905\" title=\"\" srcset=\"https:\/\/www.culmia.com\/wp-content\/uploads\/2025\/09\/th_Imagenes-NDP-4-200x94.jpg 200w, https:\/\/www.culmia.com\/wp-content\/uploads\/2025\/09\/th_Imagenes-NDP-4-300x141.jpg 300w, https:\/\/www.culmia.com\/wp-content\/uploads\/2025\/09\/th_Imagenes-NDP-4-400x189.jpg 400w, https:\/\/www.culmia.com\/wp-content\/uploads\/2025\/09\/th_Imagenes-NDP-4-600x283.jpg 600w, https:\/\/www.culmia.com\/wp-content\/uploads\/2025\/09\/th_Imagenes-NDP-4-768x362.jpg 768w, https:\/\/www.culmia.com\/wp-content\/uploads\/2025\/09\/th_Imagenes-NDP-4-800x377.jpg 800w, https:\/\/www.culmia.com\/wp-content\/uploads\/2025\/09\/th_Imagenes-NDP-4-1024x483.jpg 1024w, https:\/\/www.culmia.com\/wp-content\/uploads\/2025\/09\/th_Imagenes-NDP-4-1200x566.jpg 1200w, https:\/\/www.culmia.com\/wp-content\/uploads\/2025\/09\/th_Imagenes-NDP-4-1536x724.jpg 1536w, https:\/\/www.culmia.com\/wp-content\/uploads\/2025\/09\/th_Imagenes-NDP-4.jpg 1920w\" sizes=\"(max-width: 1920px) 100vw, 1920px\" \/><\/p> <p><strong>27\u00a0<\/strong><strong>de enero de 2025<\/strong>- Culmia, la plataforma inmobiliaria que concentra \u00edntegramente las soluciones de vivienda del mercado, completa la entrega de su promoci\u00f3n\u00a0<strong>Culmia Santa Catalina II<\/strong>\u00a0en\u00a0<strong>Ja\u00e9n<\/strong>\u00a0y suma 54 viviendas m\u00e1s en la provincia andaluza. Las viviendas, distribuidas en 9 plantas, cuentan con amplias terrazas y ofrecen opciones de 2, 3 y 4 dormitorios, as\u00ed como \u00e1ticos con\u00a0<strong>grandes terrazas<\/strong>\u00a0y vistas al\u00a0<strong>Castillo de Ja\u00e9n.<\/strong><\/p> <p>El conjunto residencial dispone tambi\u00e9n de\u00a0<strong>66 plazas de garaje<\/strong>,\u00a0<strong>50 trasteros en general y s\u00f3tano<\/strong>, y un\u00a0<strong>local comercial<\/strong>. Asimismo, Culmia Santa Catalina II cuenta, entre sus zonas comunes para el uso de los residentes, con una piscina comunitaria ubicada en su azotea.<\/p> <p>La promoci\u00f3n cuenta con\u00a0<strong>calificaci\u00f3n energ\u00e9tica B<\/strong>\u00a0ya que dispone de paneles solares y termo el\u00e9ctrico para la\u00a0<strong>producci\u00f3n de agua caliente<\/strong>, lo que garantiza un bajo consumo de energ\u00eda y un reducido impacto ambiental. El aislamiento continuo de la fachada que envuelve el edificio tambi\u00e9n evita la p\u00e9rdida o el incremento de la temperatura del interior, garantizando una mayor eficiencia energ\u00e9tica.<\/p> <p>Culmia Santa Catalina II se encuentra en una zona residencial consolidada conocida como \u201c<strong>el Gran Eje<\/strong>\u201d, con todo tipo de equipamientos y servicios. Se trata de un barrio ubicado en la\u00a0<strong>Avenida de Andaluc\u00eda<\/strong>, una de las principales avenidas de la ciudad de Ja\u00e9n, a tan solo 15 minutos a pie de la estaci\u00f3n de Renfe y con numerosas l\u00edneas de autobuses cerca. La promoci\u00f3n tambi\u00e9n est\u00e1 comunicada con la autov\u00eda de circunvalaci\u00f3n A-316.<\/p> <p>La promoci\u00f3n ha sido dise\u00f1ada por el prestigioso\u00a0<strong>Estudio de Arquitectura y Urbanismo Joaqu\u00edn Caro<\/strong>, que ha planteado una ordenaci\u00f3n que permite la entrada de luz natural en las viviendas tanto del sol de Levante como el de Poniente.<\/p> <p>En palabras de Jos\u00e9 March, director territorial de Culmia en Este y Sur, \u201ccon la entrega de Culmia Santa Catalina II ya sumamos dos promociones en Ja\u00e9n con m\u00e1s de\u00a0<strong>100 viviendas en esta provincia andaluza<\/strong>. La promoci\u00f3n se encuentra en una zona residencial tranquila con multitud de servicios alrededor para la comodidad de los residentes, desde supermercados y restaurantes a colegios, parques y centros deportivos\u201d.<\/p> <p>Desde 2013, Culmia ya ha entregado m\u00e1s de 7.400 viviendas en m\u00e1s de 115 promociones.<\/p> <p>Te recomendamos leer esta nota de prensa escuchando\u00a0<a href=\"https:\/\/open.spotify.com\/playlist\/4SW6ZYQAlmc5yhtiNoBUZL\" rel=\"nofollow noopener\" target=\"_blank\">nuestra playlist \u2018Destino, Andaluc\u00eda\u2019<\/a>.<\/p>","protected":false},"excerpt":{"rendered":"<p>\u00a0Culmia Santa Catalina II est\u00e1 formada por 54 amplias viviendas &#8230;<\/p>\n","protected":false},"author":15,"featured_media":17920,"comment_status":"open","ping_status":"open","sticky":false,"template":"","format":"standard","meta":{"_acf_changed":false,"footnotes":""},"categories":[121,1306],"tags":[],"class_list":["post-17919","post","type-post","status-publish","format-standard","has-post-thumbnail","hentry","category-actualidad","category-culmia"],"acf":[],"_links":{"self":[{"href":"https:\/\/www.culmia.com\/es\/wp-json\/wp\/v2\/posts\/17919","targetHints":{"allow":["GET"]}}],"collection":[{"href":"https:\/\/www.culmia.com\/es\/wp-json\/wp\/v2\/posts"}],"about":[{"href":"https:\/\/www.culmia.com\/es\/wp-json\/wp\/v2\/types\/post"}],"author":[{"embeddable":true,"href":"https:\/\/www.culmia.com\/es\/wp-json\/wp\/v2\/users\/15"}],"replies":[{"embeddable":true,"href":"https:\/\/www.culmia.com\/es\/wp-json\/wp\/v2\/comments?post=17919"}],"version-history":[{"count":1,"href":"https:\/\/www.culmia.com\/es\/wp-json\/wp\/v2\/posts\/17919\/revisions"}],"predecessor-version":[{"id":17922,"href":"https:\/\/www.culmia.com\/es\/wp-json\/wp\/v2\/posts\/17919\/revisions\/17922"}],"wp:featuredmedia":[{"embeddable":true,"href":"https:\/\/www.culmia.com\/es\/wp-json\/wp\/v2\/media\/17920"}],"wp:attachment":[{"href":"https:\/\/www.culmia.com\/es\/wp-json\/wp\/v2\/media?parent=17919"}],"wp:term":[{"taxonomy":"category","embeddable":true,"href":"https:\/\/www.culmia.com\/es\/wp-json\/wp\/v2\/categories?post=17919"},{"taxonomy":"post_tag","embeddable":true,"href":"https:\/\/www.culmia.com\/es\/wp-json\/wp\/v2\/tags?post=17919"}],"curies":[{"name":"wp","href":"https:\/\/api.w.org\/{rel}","templated":true}]}}