{"id":17914,"date":"2025-01-16T13:58:36","date_gmt":"2025-01-16T12:58:36","guid":{"rendered":"https:\/\/culmia.dev.emood.es\/?p=17914"},"modified":"2026-03-17T16:23:40","modified_gmt":"2026-03-17T15:23:40","slug":"culmia-lanza-en-cerdanyola-del-valles-la-promocion-xaloc-parc-de-lalba","status":"publish","type":"post","link":"https:\/\/www.culmia.com\/es\/blog\/culmia-lanza-en-cerdanyola-del-valles-la-promocion-xaloc-parc-de-lalba\/","title":{"rendered":"Culmia lanza en Cerdanyola del Vall\u00e9s la promoci\u00f3n Xaloc Parc de l\u2019Alba"},"content":{"rendered":"<ul> <li>Es la\u00a0<strong>primera promoci\u00f3n que se lanza en el nuevo desarrollo residencial Parc de l\u2019Alba<\/strong>, que contempla la creaci\u00f3n de m\u00e1s de 5.000 viviendas en una zona en plena expansi\u00f3n y a los pies de la Serra de Collserola.<\/li> <\/ul> <ul> <li>Sumar\u00e1 a la ciudad barcelonesa\u00a0<strong>66 viviendas m\u00e1s<\/strong>\u00a0con opciones de uno, dos, tres y cuatro dormitorios con aparcamientos y trasteros, todas ellas con amplias terrazas. Adem\u00e1s de piscina comunitaria y sala polivalente.<\/li> <\/ul> <ul> <li>El conjunto residencial dispone tambi\u00e9n de\u00a0<strong>zonas comunes para los residentes<\/strong>\u00a0como una piscina comunitaria, zonas ajardinadas, un espacio club social, un Espacio Cardioprotegido y un Smart Box.<\/li> <\/ul> <ul> <li>La promoci\u00f3n cuenta con una\u00a0<strong>calificaci\u00f3n energ\u00e9tica A<\/strong>.<strong>\u00a0<\/strong><\/li> <\/ul> <p><img decoding=\"async\" class=\"alignnone size-full wp-image-17915\" src=\"https:\/\/www.culmia.com\/wp-content\/uploads\/2025\/09\/th_Imagenes-NDP-3.jpg\" alt=\"\" width=\"1920\" height=\"905\" title=\"\" srcset=\"https:\/\/www.culmia.com\/wp-content\/uploads\/2025\/09\/th_Imagenes-NDP-3-200x94.jpg 200w, https:\/\/www.culmia.com\/wp-content\/uploads\/2025\/09\/th_Imagenes-NDP-3-300x141.jpg 300w, https:\/\/www.culmia.com\/wp-content\/uploads\/2025\/09\/th_Imagenes-NDP-3-400x189.jpg 400w, https:\/\/www.culmia.com\/wp-content\/uploads\/2025\/09\/th_Imagenes-NDP-3-600x283.jpg 600w, https:\/\/www.culmia.com\/wp-content\/uploads\/2025\/09\/th_Imagenes-NDP-3-768x362.jpg 768w, https:\/\/www.culmia.com\/wp-content\/uploads\/2025\/09\/th_Imagenes-NDP-3-800x377.jpg 800w, https:\/\/www.culmia.com\/wp-content\/uploads\/2025\/09\/th_Imagenes-NDP-3-1024x483.jpg 1024w, https:\/\/www.culmia.com\/wp-content\/uploads\/2025\/09\/th_Imagenes-NDP-3-1200x566.jpg 1200w, https:\/\/www.culmia.com\/wp-content\/uploads\/2025\/09\/th_Imagenes-NDP-3-1536x724.jpg 1536w, https:\/\/www.culmia.com\/wp-content\/uploads\/2025\/09\/th_Imagenes-NDP-3.jpg 1920w\" sizes=\"(max-width: 1920px) 100vw, 1920px\" \/><\/p> <p><strong>21\u00a0<\/strong><strong>de\u00a0<\/strong><strong>enero de 2025\u00a0<\/strong>- Culmia, la plataforma inmobiliaria que concentra \u00edntegramente las\u00a0<strong>soluciones de vivienda del mercado<\/strong>, lanza su nueva promoci\u00f3n\u00a0<a href=\"https:\/\/www.culmia.com\/es\/promociones\/barcelona\/cerdanyola-del-valles\/culmia-xaloc-parc-de-l-alba\">Culmia Xaloc Parc de l\u2019Alba<\/a>\u00a0en\u00a0<strong>Cerdanyola del Vall\u00e9s, Barcelona<\/strong>. Se trata de la primera promoci\u00f3n que se pone en marcha en el nuevo desarrollo residencial Parc de l\u2019Alba, marcando as\u00ed el inicio de un proyecto que sumar\u00e1 m\u00e1s de 5.000 viviendas, grandes zonas verdes y multitud de servicios y actividades.<\/p> <p>Esta promoci\u00f3n consta de dos torres de planta baja y cinco alturas con un total de\u00a0<strong>66 viviendas<\/strong>\u00a0de uno, dos, tres y cuatro dormitorios, todas ellas con amplias terrazas. El conjunto residencial cuenta tambi\u00e9n con 82 plazas de aparcamiento para coches y 41 para motos, adem\u00e1s de 66 trasteros para los residentes.<\/p> <p><strong>Culmia Xaloc Parc de l\u2019Alba<\/strong>\u00a0cuenta tambi\u00e9n con zonas comunes que incluyen una\u00a0<strong>piscina comunitaria rodeada de amplias \u00e1reas ajardinadas<\/strong>, un\u00a0<strong>espacio club social para actividades diversas<\/strong>, un\u00a0<strong>Espacio Cardioprotegido<\/strong>\u00a0y un\u00a0<strong>Smart Box para los hogares m\u00e1s modernos<\/strong>.<\/p> <p>Las viviendas del conjunto residencial incorporan materiales y acabados que optimizan la\u00a0<strong>eficiencia energ\u00e9tica<\/strong>\u00a0gracias a la incorporaci\u00f3n de equipos y de un dise\u00f1o de la envolvente mediante materiales que reducen el consumo energ\u00e9tico. Esto se traduce en una calificaci\u00f3n energ\u00e9tica A, la m\u00e1s alta.<\/p> <p>Culmia Xaloc Parc de l\u2019Alba destaca tambi\u00e9n por su\u00a0<strong>ubicaci\u00f3n entre Sant Cugat<\/strong>\u00a0y\u00a0<strong>Cerdanyola<\/strong>, un enclave estrat\u00e9gico muy cercano a la\u00a0<strong>Serra de Collserola<\/strong>, el mayor\u00a0<strong>parque metropolitano del pa\u00eds<\/strong>\u00a0con 8.000 hect\u00e1reas que permite la realizaci\u00f3n de actividades al aire libre en un entorno natural. Adem\u00e1s, se encuentra en un distrito urbano nuevo, con un dise\u00f1o a la vanguardia, y en constante evoluci\u00f3n y crecimiento gracias a las oportunidades que ofrece el Centro de Innovaci\u00f3n y Tecnolog\u00eda.<\/p> <p>La conexi\u00f3n con Barcelona es directa y r\u00e1pida, gracias a los T\u00faneles de Vallvidrera, mientras que su accesibilidad a toda Catalu\u00f1a facilita el transporte privado hacia destinos como la Costa Brava, la Costa Dorada o los Pirineos.<\/p> <p>Muy cercanas a la promoci\u00f3n est\u00e1n la\u00a0<strong>Autopista B30 y la A7<\/strong>, junto con la estaci\u00f3n de Renfe que conecta con la Universidad Aut\u00f3noma y con Sant Cugat del Vall\u00e9s, y que enlaza con la estaci\u00f3n de FFCC en Volpelleres. Asimismo, la ciudad de Cerdanyola cuenta con tres l\u00edneas de ferrocarril y cuatro estaciones, dos de Renfe y dos de Ferrocarriles de la Generalitat de Catalunya. Adem\u00e1s de numerosas l\u00edneas de autob\u00fas, la carretera C-58, la N-150 de Barcelona a Terrassa y la B-30 que rodea Barcelona.<\/p> <p>Para Josep Mar\u00eda Cases, director territorial en Catalu\u00f1a de Culmia, \u201cCulmia Xaloc Parc de l\u2019Alba marca el inicio de un ambicioso proyecto en un <a href=\"https:\/\/youtu.be\/fLKLZGzbG20\" rel=\"nofollow noopener\" target=\"_blank\">enclave estrat\u00e9gico<\/a> como es Parc de l\u2019Alba. Esta promoci\u00f3n es una opci\u00f3n perfecta por su ubicaci\u00f3n en una zona vibrante de Cerdanyola, una ciudad estrat\u00e9gicamente ubicada entre Barcelona y Sant Cugat del Vall\u00e9s, cuyo crecimiento y demanda denota que ser\u00e1 el nuevo epicentro de desarrollo en los alrededores de la capital condal\u201d.<\/p> <p>Desde 2013, Culmia ya ha entregado m\u00e1s de\u00a0<strong>7.400 viviendas en m\u00e1s de 115 promociones.<\/strong><\/p> <p>Te recomendamos leer esta nota de prensa escuchando\u00a0<a href=\"https:\/\/open.spotify.com\/playlist\/6Apte3b4NAwNNmaLzKBZbw?si=7eacfeb0e2304b3b\" rel=\"nofollow noopener\" target=\"_blank\">nuestra playlist \u2018Destino, Catalu\u00f1a\u2019<\/a><\/p>","protected":false},"excerpt":{"rendered":"<p>Es la\u00a0primera promoci\u00f3n que se lanza en el nuevo desarrollo &#8230;<\/p>\n","protected":false},"author":15,"featured_media":17915,"comment_status":"open","ping_status":"open","sticky":false,"template":"","format":"standard","meta":{"_acf_changed":false,"footnotes":""},"categories":[121,1306],"tags":[],"class_list":["post-17914","post","type-post","status-publish","format-standard","has-post-thumbnail","hentry","category-actualidad","category-culmia"],"acf":[],"_links":{"self":[{"href":"https:\/\/www.culmia.com\/es\/wp-json\/wp\/v2\/posts\/17914","targetHints":{"allow":["GET"]}}],"collection":[{"href":"https:\/\/www.culmia.com\/es\/wp-json\/wp\/v2\/posts"}],"about":[{"href":"https:\/\/www.culmia.com\/es\/wp-json\/wp\/v2\/types\/post"}],"author":[{"embeddable":true,"href":"https:\/\/www.culmia.com\/es\/wp-json\/wp\/v2\/users\/15"}],"replies":[{"embeddable":true,"href":"https:\/\/www.culmia.com\/es\/wp-json\/wp\/v2\/comments?post=17914"}],"version-history":[{"count":3,"href":"https:\/\/www.culmia.com\/es\/wp-json\/wp\/v2\/posts\/17914\/revisions"}],"predecessor-version":[{"id":31859,"href":"https:\/\/www.culmia.com\/es\/wp-json\/wp\/v2\/posts\/17914\/revisions\/31859"}],"wp:featuredmedia":[{"embeddable":true,"href":"https:\/\/www.culmia.com\/es\/wp-json\/wp\/v2\/media\/17915"}],"wp:attachment":[{"href":"https:\/\/www.culmia.com\/es\/wp-json\/wp\/v2\/media?parent=17914"}],"wp:term":[{"taxonomy":"category","embeddable":true,"href":"https:\/\/www.culmia.com\/es\/wp-json\/wp\/v2\/categories?post=17914"},{"taxonomy":"post_tag","embeddable":true,"href":"https:\/\/www.culmia.com\/es\/wp-json\/wp\/v2\/tags?post=17914"}],"curies":[{"name":"wp","href":"https:\/\/api.w.org\/{rel}","templated":true}]}}