{"id":17904,"date":"2025-02-13T13:56:20","date_gmt":"2025-02-13T12:56:20","guid":{"rendered":"https:\/\/culmia.dev.emood.es\/?p=17904"},"modified":"2025-09-11T13:57:15","modified_gmt":"2025-09-11T11:57:15","slug":"los-jovenes-catalanes-son-quienes-de-forma-mas-amplia-encuentran-la-vivienda-en-alquiler-asequible-como-su-opcion-preferencial-de-cara-al-futuro","status":"publish","type":"post","link":"https:\/\/www.culmia.com\/es\/blog\/los-jovenes-catalanes-son-quienes-de-forma-mas-amplia-encuentran-la-vivienda-en-alquiler-asequible-como-su-opcion-preferencial-de-cara-al-futuro\/","title":{"rendered":"Los j\u00f3venes catalanes son quienes de forma m\u00e1s amplia encuentran la vivienda en alquiler asequible como su opci\u00f3n preferencial de cara al futuro"},"content":{"rendered":"<ul> <li>La vivienda en alquiler asequible incentivado es ya la principal opci\u00f3n de b\u00fasqueda para el 21,7% de los catalanes. Aunque la opci\u00f3n de vivienda en propiedad es mayoritaria en todas las edades, comienzan a aparecer otras alternativas como el alquiler asequible o la Vivienda de Protecci\u00f3n Oficial 3,5%.<\/li> <li>Culmia presenta la segunda edici\u00f3n de su informe \u2018El viaje del comprador en Espa\u00f1a\u2019, donde analiza el panorama actual y futuro del comprador de vivienda en el pa\u00eds, y en concreto en Catalu\u00f1a, y explora las tendencias del mercado.<\/li> <li>Casi el 20% de los encuestados asegura no haber solicitado estas ayudas al considerar que no les corresponde, mientras que s\u00f3lo un 4,7% dice haber pedido el aval del ICO. En menor medida, un 1,6% han optado a las ayudas dirigidas a la adquisici\u00f3n en el entorno rural contempladas en el Plan Estatal de Vivienda.<\/li> <li>El 56,6% considera que las opciones de vivienda en el mercado actual no se ajustan a sus expectativas econ\u00f3micas y un 14,4% dice que no se adec\u00faan a sus intereses de espacio y dise\u00f1o.<\/li> <li>El 43% de los preguntados afirman que la condici\u00f3n de vivienda saludable determina su compra. Por franjas de edad, son los mayores de 65 a\u00f1os los que se muestran m\u00e1s condicionados a esta variable.<\/li> <li>Preguntados por c\u00f3mo ser\u00e1 la casa del futuro, el 34,7% la relacionan estrechamente con la sostenibilidad y la eficiencia energ\u00e9tica.<\/li> <\/ul> <p><img decoding=\"async\" class=\"alignnone size-full wp-image-17905\" src=\"https:\/\/www.culmia.com\/wp-content\/uploads\/2025\/09\/th_Imagenes-NDP-7.jpg\" alt=\"\" width=\"1920\" height=\"905\" title=\"\" srcset=\"https:\/\/www.culmia.com\/wp-content\/uploads\/2025\/09\/th_Imagenes-NDP-7-200x94.jpg 200w, https:\/\/www.culmia.com\/wp-content\/uploads\/2025\/09\/th_Imagenes-NDP-7-300x141.jpg 300w, https:\/\/www.culmia.com\/wp-content\/uploads\/2025\/09\/th_Imagenes-NDP-7-400x189.jpg 400w, https:\/\/www.culmia.com\/wp-content\/uploads\/2025\/09\/th_Imagenes-NDP-7-600x283.jpg 600w, https:\/\/www.culmia.com\/wp-content\/uploads\/2025\/09\/th_Imagenes-NDP-7-768x362.jpg 768w, https:\/\/www.culmia.com\/wp-content\/uploads\/2025\/09\/th_Imagenes-NDP-7-800x377.jpg 800w, https:\/\/www.culmia.com\/wp-content\/uploads\/2025\/09\/th_Imagenes-NDP-7-1024x483.jpg 1024w, https:\/\/www.culmia.com\/wp-content\/uploads\/2025\/09\/th_Imagenes-NDP-7-1200x566.jpg 1200w, https:\/\/www.culmia.com\/wp-content\/uploads\/2025\/09\/th_Imagenes-NDP-7-1536x724.jpg 1536w, https:\/\/www.culmia.com\/wp-content\/uploads\/2025\/09\/th_Imagenes-NDP-7.jpg 1920w\" sizes=\"(max-width: 1920px) 100vw, 1920px\" \/><\/p> <p><strong>13 de febrero 2024. -\u00a0<\/strong>Culmia, la plataforma inmobiliaria que concentra \u00edntegramente las soluciones de vivienda del mercado, ha presentado la segunda edici\u00f3n del informe\u00a0<em>\u2018<\/em><strong>Viaje del comprador en Espa\u00f1a<\/strong>\u2019 centrado en\u00a0<strong>Catalu\u00f1a<\/strong>, en el que se revela, entre otros muchos datos, que el 21,7% de los catalanes considera el\u00a0<strong>alquiler asequible incentivado<\/strong>\u00a0como su principal opci\u00f3n, seguido del 3,5% que se plantea como posible encaje futuro una<strong>\u00a0Vivienda de Protecci\u00f3n Oficial<\/strong>\u00a0(VPO), un 3,3% el\u00a0<strong>alquiler flexible<\/strong>\u00a0y 2,1% el\u00a0<strong>coliving<\/strong>.<\/p> <p>De todos modos, la opci\u00f3n de vivienda en propiedad es la mayoritaria en todas las edades, con un 69,4% de los encuestados que se plantea esta opci\u00f3n como posible\u00a0encaje en el futuro. Los m\u00e1s j\u00f3venes, los menores de 29 a\u00f1os, el 39,5%, son quienes en menor medida ven la f\u00f3rmula de\u00a0<strong>vivienda en propiedad<\/strong>. Mientras que aquellas personas de m\u00e1s de 65 a\u00f1os, el 75%, son quienes m\u00e1s optan por la f\u00f3rmula de\u00a0<strong>vivienda en propiedad<\/strong>.<\/p> <p>Asimismo, el 64,7% de los catalanes afirman haber considerado acceder a una\u00a0<strong>vivienda asequible<\/strong>\u00a0o con alg\u00fan tipo de\u00a0<strong>subvenci\u00f3n p\u00fablica<\/strong>. Por rango de edad, los m\u00e1s j\u00f3venes, las personas comprendidas entre los 26 y los 29 a\u00f1os, son quienes de forma m\u00e1s amplia, 47,7%, encuentran la vivienda en alquiler asequible como su opci\u00f3n preferencial de cara al futuro.<\/p> <p>En este sentido, de acuerdo con las necesidades actuales del mercado, Culmia acaba de adjudicarse un\u00a0<strong>derecho de superficie<\/strong>\u00a0para la promoci\u00f3n y comercializaci\u00f3n de\u00a0<strong>402 viviendas protegidas en r\u00e9gimen de alquiler<\/strong>, ubicadas en\u00a0<strong>Esplugues de Llobregat<\/strong>, provincia de Barcelona; unos suelos en propiedad del Institut Catal\u00e0 del S\u00f2l (Incas\u00f2l) de la Generalitat de Catalunya. En resumen, Culmia ya cuenta con m\u00e1s de\u00a0<strong>4.000 viviendas en r\u00e9gimen de vivienda asequible<\/strong>, muchas de las cuales han sido ya entregadas a las familias.<\/p> <p>El informe tambi\u00e9n revela que el 74% de los catalanes que han buscado vivienda en el \u00faltimo a\u00f1o no han solicitado ninguna de las ayudas econ\u00f3micas de las ofrecidas por la Administraci\u00f3n para iniciar el proceso de compra. Aunque esta realidad es mayoritaria en todas las edades, es m\u00e1s predominante en las personas mayores, en el rango de edad de 65 a\u00f1os y m\u00e1s, donde el 83,6% afirma no haber solicitado estas ayudas.<\/p> <p>En el marco de las ayudas de acceso a la vivienda, y en relaci\u00f3n con las personas que s\u00ed han considerado acceder a estas, el informe se\u00f1ala que el 19,4% de los catalanes reconocen\u00a0<strong>no haberlas solicitado al no corresponderles<\/strong>, mientras que s\u00f3lo el 4,7% de ellos dicen haber solicitado el\u00a0<strong>aval del ICO del 20%<\/strong>. En \u00faltimo lugar, un escaso 1,6% dicen haber optado a las ayudas en un entorno rural del Plan Estatal de Vivienda.<\/p> <p>Entre aquellos que han solicitado alg\u00fan tipo de ayuda, como el aval del ICO, se observa que esta opci\u00f3n prevalece en los grupos de edad m\u00e1s j\u00f3venes, entre las edades de 26 a 29 a\u00f1os, con una media de 23,4% habiendo solicitado estos potenciales beneficios, en comparaci\u00f3n con s\u00f3lo el 0% de los mayores de 65 a\u00f1os que afirman haberlo hecho.<\/p> <p>El informe pone de manifiesto que el contexto normativo, como la\u00a0<strong>Ley de Vivienda<\/strong>, ha provocado la paralizaci\u00f3n temporal de la compra para el 41,2% de los catalanes, con un mayor impacto entre los m\u00e1s j\u00f3venes. Entre los catalanes que han barajado la opci\u00f3n de comprar una vivienda en el \u00faltimo a\u00f1o, pero finalmente no lo han hecho, m\u00e1s del 41% de ellos han tomado esta decisi\u00f3n a ra\u00edz de la aparici\u00f3n de la Ley de Vivienda y el efecto normativo.<\/p> <p>En relaci\u00f3n con el precio, el 56,6% de los catalanes considera que las opciones de vivienda en el mercado actual no cumplen sus expectativas econ\u00f3micas. Este dato confirma la tendencia expuesta en el informe anterior, que se\u00f1alaba que todos los grupos de edad coinciden en la necesidad de<strong>\u00a0contar con m\u00e1s viviendas con precios y condiciones m\u00e1s asequibles<\/strong>, con un porcentaje superior al 70%.<\/p> <p>Por su parte, el 14,4% de los catalanes afirma que las opciones del mercado no cumplen en la actualidad con sus intereses de espacio y distribuci\u00f3n, el 9,4% asegura que no cumplen con lo que esperan de las zonas comunes y un 4,9% asegura que la oferta actual no completa lo que espera de servicios complementarios. El 14,7% de los encuestados declara que las opciones de vivienda en el mercado actual cumplen con sus expectativas.<\/p> <h2>Proceso\u00a0de\u00a0b\u00fasqueda\u00a0y\u00a0compra:\u00a0\u00bfasesoramiento\u00a0o\u00a0no?<\/h2> <p>A medida que evoluciona el sector, tambi\u00e9n cambian las\u00a0<strong>preferencias respecto al asesoramiento antes, durante y despu\u00e9s de la compra de una vivienda<\/strong>. El 73,4% de los catalanes identifican \u00e1reas en las que una comercializadora o inmobiliaria puede brindarles apoyo en el proceso de compra, un dato que se alinea con los hallazgos del primer informe donde el acompa\u00f1amiento de la promotora fue uno de los aspectos que m\u00e1s ayudaron al cliente durante este proceso.<\/p> <p>En particular, el 22,9% considera que una\u00a0<strong>comercializadora o inmobiliaria<\/strong>\u00a0permite conocer\u00a0<strong>m\u00e1s ofertas de viviendas<\/strong>\u00a0y el 20,3% considera que ayuda por su mejor conocimiento del mercado y asesoramiento.<\/p> <p>Por segmentos de edad, a medida que avanza la edad de los catalanes, aumenta la preferencia a realizar la b\u00fasqueda de vivienda\u00a0<strong>sin asesoramiento externo<\/strong>. Mientras que esta preferencia es del 32,4% para os mayores de 65 a\u00f1os, esta cifra se reduce a 20,2% en el caso de las personas menores de 30 a\u00f1os.<\/p> <p>Por su parte, a la hora de iniciar las conversaciones para la compra de la vivienda, el informe se\u00f1ala que m\u00e1s del 70,3% de las personas encuestadas prefieren el\u00a0<strong>contacto personal con un profesional<\/strong>\u00a0para relacionarse con el vendedor y llevar a cabo el proceso de compra.<\/p> <h2>Durante la compra: El dise\u00f1o y la sostenibilidad caracterizan las viviendas m\u00e1s buscadas<\/h2> <p>La posibilidad de\u00a0<strong>personalizar la vivienda<\/strong>\u00a0es un factor importante para m\u00e1s del 70% de los catalanes, aunque no es un factor determinante en el proceso de compra. El\u00a0<strong>dise\u00f1o de la vivienda<\/strong>\u00a0representa un aspecto clave entre los encuestados, superando el 50% en todas las franjas de edad, siendo superior en la franja de 45 a 64 a\u00f1os.<\/p> <p>La\u00a0<strong>luminosidad<\/strong>, con un 76,6%, es el aspecto m\u00e1s valorado a la hora de escoger una vivienda. Seguido por el espacio y la amplitud para el 73,5% y la distribuci\u00f3n de las estancias para el 56,1%<\/p> <p>Adem\u00e1s, el 43% de los usuarios afirman que la\u00a0<strong>condici\u00f3n de vivienda saludable<\/strong>\u00a0determina su compra. Para el 64,3% de las personas mayores de 65 a\u00f1os, la vivienda sea saludable condiciona la compra de vivienda, una cifra que se reduce en el caso de las personas entre 45 a 64 a\u00f1os, que afirman que la vivienda sea saludable es relevante pero no condiciona la compra.<\/p> <p>Los\u00a0<strong>contaminantes qu\u00edmicos<\/strong>, 29,6%, son los aspectos relativos a la\u00a0<strong>salud del hogar<\/strong>\u00a0que m\u00e1s preocupan, seguidos por los contaminantes biol\u00f3gicos, 23,4% y los contaminantes f\u00edsicos 20,3%.<\/p> <p>Adem\u00e1s, el 23% de los catalanes prioriza la\u00a0<strong>sostenibilidad<\/strong>\u00a0en el proceso de construcci\u00f3n de la vivienda y lo considera un factor imprescindible en el proceso de compra, siendo este factor de mayor importancia para los mayores de 65 a\u00f1os.<\/p> <p>Esto se ve reforzado por el hecho de que el 58,6% de los catalanes destaca que la\u00a0<strong>certificaci\u00f3n energ\u00e9tica<\/strong>\u00a0es determinante al comprar una vivienda, si bien no est\u00e1n dispuestos a pagar por ello. La raz\u00f3n principal que explica la preferencia de los compradores por viviendas con un alto certificado energ\u00e9tico es el ahorro de coste en energ\u00eda, en un 67,7%.<\/p> <p>Sobre los\u00a0<strong>procesos de automatizaci\u00f3n en el hogar<\/strong>, el informe tambi\u00e9n revela que el 56% busca viviendas que incluyan medidas dom\u00f3ticas para una gesti\u00f3n eficiente en el hogar. Esta tendencia ya se observaba en la primera edici\u00f3n del informe, donde estas medidas supusieron el 3,1% de los aspectos m\u00e1s valorados para reducir los gastos fijos de una vivienda.<\/p> <h2>La\u00a0vivienda\u00a0del\u00a0futuro:\u00a0sostenible,\u00a0eficiente\u00a0e\u00a0inteligente<\/h2> <p>La segunda edici\u00f3n del informe \u2018Viaje del comprador en Catalu\u00f1a\u2019 de Culmia explora tambi\u00e9n la percepci\u00f3n de los catalanes respecto a la vivienda del futuro y analiza las\u00a0tendencias emergentes que\u00a0<strong>moldear\u00e1n los hogares en el medio y largo plazo<\/strong>. Las conclusiones del informe revelan que varios ideales relacionados con la casa del futuro ya se est\u00e1n implementando en el presente.<\/p> <p>Entre los valores imprescindibles que los catalanes relacionan con la casa del futuro se encuentra la\u00a0<strong>sostenibilidad<\/strong>\u00a0y la\u00a0<strong>eficiencia<\/strong>, en un 34,7%, idea que se impone en mayor medida entre las personas m\u00e1s j\u00f3venes. Le siguen el precio asequible, 27,4%, seguido por la autosuficiencia energ\u00e9tica, 18,1%. En relaci\u00f3n con esto, cerca del 60% de los catalanes esperan que la casa del futuro materialice el control de la temperatura interior seg\u00fan el clima exterior.<\/p> <p>Por otro lado, respecto a los\u00a0<strong>materiales<\/strong>\u00a0que se anticipa que se utilizar\u00e1n en las\u00a0<strong>viviendas del futuro<\/strong>, el informe revela que la mayor\u00eda de los catalanes creen que seguir\u00e1n construy\u00e9ndose con\u00a0<strong>materiales tradicionales<\/strong>, seguido de otras opciones como la\u00a0<strong>madera<\/strong>, en segundo lugar, y el\u00a0<strong>vidrio solar<\/strong>, en tercer lugar.<\/p> <p>En l\u00ednea con el auge de\u00a0<strong>nuevas tecnolog\u00edas<\/strong>, m\u00e1s del 25% de los encuestados considera que la casa del futuro ser\u00e1 inteligente. Por ello, el 34,4% consideran que el\u00a0<strong>ordenador, el smartphone o la tablet<\/strong>\u00a0ser\u00e1n los medios principales para interactuar con la casa inteligente, seguido de la comunicaci\u00f3n a trav\u00e9s de asistentes virtuales.<\/p> <p>Sobre el\u00a0<strong>proceso de compra de la vivienda del futuro<\/strong>, la encuesta avanza que ser\u00e1 a trav\u00e9s de una\u00a0<strong>publicidad hiper personalizada<\/strong>, seguido de la visualizaci\u00f3n de la vivienda a trav\u00e9s de realidad aumentada, y, en tercer lugar, por el uso de las redes sociales. Se plantea tambi\u00e9n la posibilidad que en este proceso puedan surgir otros canales, como la\u00a0<strong>visualizaci\u00f3n a trav\u00e9s de hologramas y el metaverso<\/strong>, as\u00ed como los influencers.<\/p> <p>En cuanto al asesoramiento, se considera que la persona f\u00edsica ser\u00e1 el\u00a0<strong>canal de atenci\u00f3n al cliente<\/strong>\u00a0m\u00e1s asiduo en el proceso de compra de vivienda en el futuro. Le siguen la\u00a0<strong>atenci\u00f3n telef\u00f3nica y la atenci\u00f3n v\u00eda WhatsApp<\/strong>. En todos los grupos de edad se considera que la persona f\u00edsica ser\u00e1 el canal de atenci\u00f3n m\u00e1s utilizado en el futuro, si bien esta opini\u00f3n tiende a reducirse a menor edad.<\/p> <p>Por \u00faltimo, y respecto a la\u00a0<strong>financiaci\u00f3n en la vivienda del futuro<\/strong>, los catalanes prev\u00e9n que sea a trav\u00e9s de financiaci\u00f3n bancaria, frente a otros m\u00e9todos de pago y financiaci\u00f3n como el patrimonio, la financiaci\u00f3n crowdfunding o crowdlending, la permuta, la nuda propiedad o las monedas digitales.<\/p> <h2>\u00bfC\u00f3mo\u00a0ven\u00a0los\u00a0ni\u00f1os\/as\u00a0la\u00a0vivienda\u00a0del\u00a0futuro?<\/h2> <p data-start=\"1940\" data-end=\"2167\">Como novedad este a\u00f1o, el informe tambi\u00e9n ha analizado las opiniones de\u00a0<strong data-start=\"2012\" data-end=\"2058\">ni\u00f1os\/as respecto a la vivienda del futuro<\/strong>, ofreciendo una nueva dimensi\u00f3n desde la perspectiva de los\u00a0<strong data-start=\"2119\" data-end=\"2164\">futuros compradores de vivienda en Espa\u00f1a<\/strong>.<\/p> <p data-start=\"2169\" data-end=\"2763\">Los\u00a0<strong data-start=\"2173\" data-end=\"2185\">ni\u00f1os\/as<\/strong>\u00a0imaginan un futuro donde las casas estar\u00e1n profundamente ligadas a la\u00a0<strong data-start=\"2256\" data-end=\"2283\">inteligencia artificial<\/strong>, con todos los dispositivos y electrodom\u00e9sticos conectados a\u00a0<strong data-start=\"2345\" data-end=\"2357\">internet<\/strong>. Visualizan\u00a0<strong data-start=\"2370\" data-end=\"2395\">hogares automatizados<\/strong>, donde la\u00a0<strong data-start=\"2406\" data-end=\"2450\">luz, los aparatos y las tareas del hogar<\/strong>\u00a0ser\u00e1n gestionados por\u00a0<strong data-start=\"2473\" data-end=\"2483\">robots<\/strong>\u00a0y controlados mediante\u00a0<strong data-start=\"2507\" data-end=\"2547\">comandos de voz o mandos a distancia<\/strong>. Adem\u00e1s, asocian la\u00a0<strong data-start=\"2568\" data-end=\"2595\">inteligencia artificial<\/strong>\u00a0no solo con la comodidad de dar instrucciones, sino tambi\u00e9n con la\u00a0<strong data-start=\"2663\" data-end=\"2700\">eficiencia y el ahorro energ\u00e9tico<\/strong>\u00a0que brindar\u00e1 en el funcionamiento de las casas inteligentes.<\/p> <p data-start=\"2765\" data-end=\"3511\">Imaginan un futuro donde las habitaciones de las casas estar\u00e1n completamente dominadas por la electr\u00f3nica y la inteligencia artificial. Visualizan espacios m\u00e1s amplios y funcionales, donde todo, desde la televisi\u00f3n y las co<strong data-start=\"2981\" data-end=\"3026\">nsolas hasta las luces<\/strong>, ser\u00e1 controlado por voz. Las\u00a0<strong data-start=\"3057\" data-end=\"3066\">luces<\/strong>, protagonistas clave, podr\u00e1n\u00a0<strong data-start=\"3096\" data-end=\"3129\">cambiar de color e intensidad<\/strong>, e incluso\u00a0<strong data-start=\"3141\" data-end=\"3181\">apagarse autom\u00e1ticamente al dormirse<\/strong>. Tambi\u00e9n esperan que la\u00a0<strong data-start=\"3206\" data-end=\"3229\">limpieza y el orden<\/strong>\u00a0se gestionen de manera\u00a0<strong data-start=\"3253\" data-end=\"3267\">autom\u00e1tica<\/strong>. Estas\u00a0<strong data-start=\"3275\" data-end=\"3304\">habitaciones inteligentes<\/strong>\u00a0crear\u00e1n\u00a0<strong data-start=\"3313\" data-end=\"3340\">entornos personalizados<\/strong>, adaptando la\u00a0<strong data-start=\"3355\" data-end=\"3399\">temperatura, la iluminaci\u00f3n y el espacio<\/strong>\u00a0a las necesidades de cada momento, todo gestionado\u00a0<strong data-start=\"3451\" data-end=\"3508\">electr\u00f3nicamente mediante pantallas o comandos de voz<\/strong>.<\/p> <p><a href=\"https:\/\/youtu.be\/DQxFqMi9KmI?si=cg1xoCgHmwcabJDu\" rel=\"nofollow noopener\" target=\"_blank\">En este enlace<\/a>\u00a0se pueden visualizar las expectativas de los ni\u00f1os sobre la vivienda del futuro.<\/p> <div class=\"flex max-w-full flex-col flex-grow\"> <div class=\"min-h-8 text-message flex w-full flex-col items-end gap-2 whitespace-normal break-words text-start [.text-message+&amp;]:mt-5\" dir=\"auto\" data-message-author-role=\"assistant\" data-message-id=\"d62192e0-4259-4df6-b92a-c41b350b90b4\" data-message-model-slug=\"gpt-4o\"> <div class=\"flex w-full flex-col gap-1 empty:hidden first:pt-[3px]\"> <div class=\"markdown prose w-full break-words dark:prose-invert light\"> <p data-start=\"3620\" data-end=\"4380\" data-is-last-node=\"\">Estas son algunas de las\u00a0<strong data-start=\"3645\" data-end=\"3673\">conclusiones del informe<\/strong>\u00a0elaborado junto a la firma demosc\u00f3pica\u00a0<strong data-start=\"3713\" data-end=\"3725\">Sigmados<\/strong>, en el que se ofrece una\u00a0<strong data-start=\"3751\" data-end=\"3785\">visi\u00f3n actualizada y detallada<\/strong>\u00a0del perfil del\u00a0<strong data-start=\"3801\" data-end=\"3838\">comprador de vivienda en Catalu\u00f1a<\/strong>\u00a0basada en encuestas realizadas a una muestra representativa de\u00a0<strong data-start=\"3902\" data-end=\"3948\">m\u00e1s de 2.000 ciudadanos mayores de 26 a\u00f1os<\/strong>\u00a0en varias comunidades aut\u00f3nomas. Adem\u00e1s de compartir una\u00a0<strong data-start=\"4006\" data-end=\"4066\">radiograf\u00eda general del panorama residencial en Catalu\u00f1a<\/strong>, y del perfil del\u00a0<strong data-start=\"4085\" data-end=\"4125\">demandante de vivienda en particular<\/strong>, el informe examina las\u00a0<strong data-start=\"4150\" data-end=\"4205\">tendencias emergentes relativas al hogar del futuro<\/strong>\u00a0y explora la relevancia de ciertos aspectos como la\u00a0<strong data-start=\"4258\" data-end=\"4321\">digitalizaci\u00f3n, la sostenibilidad, la eficiencia energ\u00e9tica<\/strong>, y las\u00a0<strong data-start=\"4329\" data-end=\"4379\">nuevas formas de interacci\u00f3n en este escenario<\/strong>.<\/p> <\/div> <\/div> <\/div> <\/div>","protected":false},"excerpt":{"rendered":"<p>La vivienda en alquiler asequible incentivado es ya la principal &#8230;<\/p>\n","protected":false},"author":15,"featured_media":17905,"comment_status":"open","ping_status":"open","sticky":false,"template":"","format":"standard","meta":{"_acf_changed":false,"footnotes":""},"categories":[121,1306],"tags":[],"class_list":["post-17904","post","type-post","status-publish","format-standard","has-post-thumbnail","hentry","category-actualidad","category-culmia"],"acf":[],"_links":{"self":[{"href":"https:\/\/www.culmia.com\/es\/wp-json\/wp\/v2\/posts\/17904","targetHints":{"allow":["GET"]}}],"collection":[{"href":"https:\/\/www.culmia.com\/es\/wp-json\/wp\/v2\/posts"}],"about":[{"href":"https:\/\/www.culmia.com\/es\/wp-json\/wp\/v2\/types\/post"}],"author":[{"embeddable":true,"href":"https:\/\/www.culmia.com\/es\/wp-json\/wp\/v2\/users\/15"}],"replies":[{"embeddable":true,"href":"https:\/\/www.culmia.com\/es\/wp-json\/wp\/v2\/comments?post=17904"}],"version-history":[{"count":2,"href":"https:\/\/www.culmia.com\/es\/wp-json\/wp\/v2\/posts\/17904\/revisions"}],"predecessor-version":[{"id":17908,"href":"https:\/\/www.culmia.com\/es\/wp-json\/wp\/v2\/posts\/17904\/revisions\/17908"}],"wp:featuredmedia":[{"embeddable":true,"href":"https:\/\/www.culmia.com\/es\/wp-json\/wp\/v2\/media\/17905"}],"wp:attachment":[{"href":"https:\/\/www.culmia.com\/es\/wp-json\/wp\/v2\/media?parent=17904"}],"wp:term":[{"taxonomy":"category","embeddable":true,"href":"https:\/\/www.culmia.com\/es\/wp-json\/wp\/v2\/categories?post=17904"},{"taxonomy":"post_tag","embeddable":true,"href":"https:\/\/www.culmia.com\/es\/wp-json\/wp\/v2\/tags?post=17904"}],"curies":[{"name":"wp","href":"https:\/\/api.w.org\/{rel}","templated":true}]}}