{"id":17879,"date":"2025-03-07T11:54:15","date_gmt":"2025-03-07T10:54:15","guid":{"rendered":"https:\/\/culmia.dev.emood.es\/?p=17879"},"modified":"2025-10-01T12:52:09","modified_gmt":"2025-10-01T10:52:09","slug":"culmia-celebra-el-dia-internacional-de-la-mujer-con-un-desayuno-lleno-de-dulces-y-salados-y-una-creatividad-muy-especial","status":"publish","type":"post","link":"https:\/\/www.culmia.com\/es\/blog\/culmia-celebra-el-dia-internacional-de-la-mujer-con-un-desayuno-lleno-de-dulces-y-salados-y-una-creatividad-muy-especial\/","title":{"rendered":"Culmia celebra el D\u00eda Internacional de la Mujer con un desayuno lleno de dulces y salados y una creatividad muy especial. \u2640\ufe0f"},"content":{"rendered":"<p><img decoding=\"async\" class=\"alignnone size-full wp-image-17880\" src=\"https:\/\/www.culmia.com\/wp-content\/uploads\/2025\/09\/th_Dia-de-la-mujer.png\" alt=\"\" width=\"1920\" height=\"905\" title=\"\" srcset=\"https:\/\/www.culmia.com\/wp-content\/uploads\/2025\/09\/th_Dia-de-la-mujer-200x94.png 200w, https:\/\/www.culmia.com\/wp-content\/uploads\/2025\/09\/th_Dia-de-la-mujer-300x141.png 300w, https:\/\/www.culmia.com\/wp-content\/uploads\/2025\/09\/th_Dia-de-la-mujer-400x189.png 400w, https:\/\/www.culmia.com\/wp-content\/uploads\/2025\/09\/th_Dia-de-la-mujer-600x283.png 600w, https:\/\/www.culmia.com\/wp-content\/uploads\/2025\/09\/th_Dia-de-la-mujer-768x362.png 768w, https:\/\/www.culmia.com\/wp-content\/uploads\/2025\/09\/th_Dia-de-la-mujer-800x377.png 800w, https:\/\/www.culmia.com\/wp-content\/uploads\/2025\/09\/th_Dia-de-la-mujer-1024x483.png 1024w, https:\/\/www.culmia.com\/wp-content\/uploads\/2025\/09\/th_Dia-de-la-mujer-1200x566.png 1200w, https:\/\/www.culmia.com\/wp-content\/uploads\/2025\/09\/th_Dia-de-la-mujer-1536x724.png 1536w, https:\/\/www.culmia.com\/wp-content\/uploads\/2025\/09\/th_Dia-de-la-mujer.png 1920w\" sizes=\"(max-width: 1920px) 100vw, 1920px\" \/><\/p> <p><strong>Culmia celebra el D\u00eda Internacional de la Mujer con un desayuno especial y una creatividad \u00fanica.<\/strong><\/p> <p>7 de marzo de 2025 En Culmia, creemos en la importancia de reconocer y celebrar el papel de la mujer en el \u00e1mbito profesional y personal. Por ello, este\u00a0<strong>7 de marzo<\/strong>\u00a0<strong>hemos conmemorado el D\u00eda Internacional de la Mujer con una jornada muy especial en nuestras oficinas de Madrid y Barcelona.<\/strong><\/p> <p>El d\u00eda tem\u00e1tico tuvo como protagonista una\u00a0<strong>creatividad<\/strong>\u00a0\u00fanica,\u00a0<strong>en la que aparec\u00edan todas las\u00a0<a href=\"https:\/\/www.culmia.com\/es\/culmia\/nuestras-personas\">empleadas de Culmia<\/a><\/strong>, reflejando as\u00ed nuestro\u00a0<strong>reconocimiento<\/strong>\u00a0a su esfuerzo y dedicaci\u00f3n en la empresa. Esta creatividad no solo simboliz\u00f3 nuestro compromiso con la igualdad, sino que tambi\u00e9n form\u00f3 parte de la decoraci\u00f3n del d\u00eda, acompa\u00f1ada de un ambiente en tonos morados y detalles tem\u00e1ticos que llenaron de significado cada rinc\u00f3n del office.<\/p> <p>Para hacer de esta jornada un momento a\u00fan m\u00e1s especial, organizamos un\u00a0<strong>desayuno<\/strong>\u00a0variado con opciones\u00a0<strong>dulces y saladas<\/strong>, entre las que destacaron galletas tem\u00e1ticas corporativas, cupcakes morados y una exquisita selecci\u00f3n de croissants y s\u00e1ndwiches. Un detalle lleno de sabor para compartir entre compa\u00f1eros y reforzar el esp\u00edritu del equipo.<\/p> <p>Adem\u00e1s,\u00a0<strong>cada una de las mujeres de Culmia recibi\u00f3 un tulip\u00e1n morado y una tarjeta con la creatividad del equipo femenino<\/strong>\u00a0como s\u00edmbolo de agradecimiento por su compromiso y contribuci\u00f3n a la empresa. Estos peque\u00f1os gestos marcan la diferencia y refuerzan nuestro compromiso con la equidad y el reconocimiento dentro de nuestro entorno laboral.<\/p> <p>Como parte de la celebraci\u00f3n,<strong>\u00a0nuestras directoras Almudena, Gema y Cristina compartieron sus testimonios<\/strong>\u00a0sobre su experiencia como directoras, inspir\u00e1ndonos a todos los empleados con sus trayectorias y reflexiones sobre los retos y logros en su camino profesional.<\/p> <p>Este tipo de iniciativas nos permiten hacer una pausa en la rutina diaria para disfrutar de momentos de conexi\u00f3n y reconocimiento, fortaleciendo as\u00ed el ambiente positivo en nuestra empresa. En Culmia, creemos que<strong>\u00a0las relaciones laborales no solo se construyen con proyectos y objetivos, sino tambi\u00e9n con detalles que fomentan la colaboraci\u00f3n y el sentido de pertenencia.<\/strong><\/p> <p>Seguiremos impulsando acciones que refuercen nuestros valores y nuestra apuesta por la igualdad. \u00a1Gracias a todas las personas que hicieron posible este d\u00eda tan especial!<\/p> <p><strong>\u00a1Te invitamos a seguir explorando\u00a0<a href=\"https:\/\/www.culmia.com\/blog\/\">nuestro blog\u00a0<\/a>para conocer m\u00e1s iniciativas que nos unen!<\/strong><\/p> <p>&nbsp;<\/p>","protected":false},"excerpt":{"rendered":"<p>Culmia celebra el D\u00eda Internacional de la Mujer con un &#8230;<\/p>\n","protected":false},"author":15,"featured_media":17880,"comment_status":"open","ping_status":"open","sticky":false,"template":"","format":"standard","meta":{"_acf_changed":false,"footnotes":""},"categories":[121,1306],"tags":[],"class_list":["post-17879","post","type-post","status-publish","format-standard","has-post-thumbnail","hentry","category-actualidad","category-culmia"],"acf":[],"_links":{"self":[{"href":"https:\/\/www.culmia.com\/es\/wp-json\/wp\/v2\/posts\/17879","targetHints":{"allow":["GET"]}}],"collection":[{"href":"https:\/\/www.culmia.com\/es\/wp-json\/wp\/v2\/posts"}],"about":[{"href":"https:\/\/www.culmia.com\/es\/wp-json\/wp\/v2\/types\/post"}],"author":[{"embeddable":true,"href":"https:\/\/www.culmia.com\/es\/wp-json\/wp\/v2\/users\/15"}],"replies":[{"embeddable":true,"href":"https:\/\/www.culmia.com\/es\/wp-json\/wp\/v2\/comments?post=17879"}],"version-history":[{"count":2,"href":"https:\/\/www.culmia.com\/es\/wp-json\/wp\/v2\/posts\/17879\/revisions"}],"predecessor-version":[{"id":17883,"href":"https:\/\/www.culmia.com\/es\/wp-json\/wp\/v2\/posts\/17879\/revisions\/17883"}],"wp:featuredmedia":[{"embeddable":true,"href":"https:\/\/www.culmia.com\/es\/wp-json\/wp\/v2\/media\/17880"}],"wp:attachment":[{"href":"https:\/\/www.culmia.com\/es\/wp-json\/wp\/v2\/media?parent=17879"}],"wp:term":[{"taxonomy":"category","embeddable":true,"href":"https:\/\/www.culmia.com\/es\/wp-json\/wp\/v2\/categories?post=17879"},{"taxonomy":"post_tag","embeddable":true,"href":"https:\/\/www.culmia.com\/es\/wp-json\/wp\/v2\/tags?post=17879"}],"curies":[{"name":"wp","href":"https:\/\/api.w.org\/{rel}","templated":true}]}}