{"id":17874,"date":"2025-03-26T11:53:24","date_gmt":"2025-03-26T10:53:24","guid":{"rendered":"https:\/\/culmia.dev.emood.es\/?p=17874"},"modified":"2025-09-23T17:11:07","modified_gmt":"2025-09-23T15:11:07","slug":"culmia-celebra-por-cuarto-ano-consecutivo-sus-premios-a-la-excelencia-en-la-seguridad-y-salud","status":"publish","type":"post","link":"https:\/\/www.culmia.com\/es\/blog\/culmia-celebra-por-cuarto-ano-consecutivo-sus-premios-a-la-excelencia-en-la-seguridad-y-salud\/","title":{"rendered":"Culmia celebra por cuarto a\u00f1o consecutivo sus premios a la Excelencia en la Seguridad y Salud"},"content":{"rendered":"<p>\u2022 Bajo la tem\u00e1tica El viaje al desaf\u00edo, la jornada ha resaltado como el departamento de PRL enfrenta y supera desaf\u00edos diarios para garantizar la seguridad de los empleados, promoviendo una cultura de prevenci\u00f3n y concienciaci\u00f3n mediante estrategias innovadoras.<\/p> <p>\u2022 A trav\u00e9s de estos premios, Culmia destaca las buenas pr\u00e1cticas a la excelencia en esta \u00e1rea.<\/p> <p>\u2022 El evento ha tenido lugar en el Espacio Loop21, en Madrid, y ha contado con la participaci\u00f3n de grandes expertos.<\/p> <p><img decoding=\"async\" class=\"alignnone size-full wp-image-17875\" src=\"https:\/\/www.culmia.com\/wp-content\/uploads\/2025\/09\/th_Imagenes-NDP-10.jpg\" alt=\"\" width=\"1920\" height=\"905\" title=\"\" srcset=\"https:\/\/www.culmia.com\/wp-content\/uploads\/2025\/09\/th_Imagenes-NDP-10-200x94.jpg 200w, https:\/\/www.culmia.com\/wp-content\/uploads\/2025\/09\/th_Imagenes-NDP-10-300x141.jpg 300w, https:\/\/www.culmia.com\/wp-content\/uploads\/2025\/09\/th_Imagenes-NDP-10-400x189.jpg 400w, https:\/\/www.culmia.com\/wp-content\/uploads\/2025\/09\/th_Imagenes-NDP-10-600x283.jpg 600w, https:\/\/www.culmia.com\/wp-content\/uploads\/2025\/09\/th_Imagenes-NDP-10-768x362.jpg 768w, https:\/\/www.culmia.com\/wp-content\/uploads\/2025\/09\/th_Imagenes-NDP-10-800x377.jpg 800w, https:\/\/www.culmia.com\/wp-content\/uploads\/2025\/09\/th_Imagenes-NDP-10-1024x483.jpg 1024w, https:\/\/www.culmia.com\/wp-content\/uploads\/2025\/09\/th_Imagenes-NDP-10-1200x566.jpg 1200w, https:\/\/www.culmia.com\/wp-content\/uploads\/2025\/09\/th_Imagenes-NDP-10-1536x724.jpg 1536w, https:\/\/www.culmia.com\/wp-content\/uploads\/2025\/09\/th_Imagenes-NDP-10.jpg 1920w\" sizes=\"(max-width: 1920px) 100vw, 1920px\" \/><\/p> <p>27 de marzo de 2025- Culmia, la plataforma inmobiliaria que concentra \u00edntegramente las soluciones de vivienda del mercado, ha celebrado la\u00a0<strong>IV Edici\u00f3n de los Premios Seguridad y Salud,<\/strong>\u00a0unos galardones que se afianzan como un\u00a0<strong>referente en el \u00e1mbito de la Seguridad y Salud<\/strong>\u00a0<strong>del sector promotor residencial<\/strong>, destacando, adem\u00e1s, la relevancia de esta \u00e1rea dentro de la empresa.<\/p> <p>El evento, que ha tenido lugar en el\u00a0<strong>Espacio Loop21<\/strong>, en Madrid, se ha celebrado bajo la tem\u00e1tica\u00a0<strong>El viaje al desaf\u00edo<\/strong>, un concepto que refleja los esfuerzos constantes del departamento de PRL en su misi\u00f3n de garantizar la seguridad y salud laboral. A trav\u00e9s de estos premios, Culmia promueve la importancia de la actitud y el liderazgo en Seguridad y Salud a trav\u00e9s de\u00a0<strong>pol\u00edticas de gesti\u00f3n de personas<\/strong>.<\/p> <p>El t\u00e9rmino \u00bb<strong>desaf\u00edo<\/strong>\u00bb se vincula estrechamente a la labor diaria de este equipo, que se enfrenta y trabaja para superar los retos diarios que surgen en el entorno laboral para garantizar la\u00a0<strong>seguridad de todos los trabajadores<\/strong>, propios y ajenos, y lo hace de manera colaborativa con el resto de agentes que intervienen en cualquier proceso de desarrollo inmobiliario. El \u00e1rea se dedica a\u00a0<strong>identificar, controlar y minimizar los riesgos<\/strong>, promoviendo una cultura de\u00a0<strong>prevenci\u00f3n<\/strong>\u00a0y\u00a0<strong>concienciaci\u00f3n<\/strong>\u00a0mediante estrategias innovadoras para asegurar un ambiente de trabajo seguro y saludable.<\/p> <p>La jornada ha contado con la participaci\u00f3n de grandes expertos que han compartido su conocimiento y experiencia en esta materia. Entre ellos, Martha Pulido, Secretaria General del\u00a0<strong>Instituto Regional de Seguridad y Salud en el Trabajo de la Comunidad de Madrid<\/strong>, quien ha realizado la apertura institucional del acto;\u00a0Sonia Ruiz Bartolom\u00e9, CEO y Directora de proyecto en\u00a0<strong>NOVAKEY<\/strong>, que ha compartido su experiencia sobre c\u00f3mo aplicar los\u00a0<strong>enfoques Lean y Agile<\/strong>\u00a0para lograr una construcci\u00f3n segura y eficiente, y Cristina G\u00f3mez, Directora de\u00a0<strong>HSSE KISHOA GROUP,<\/strong>\u00a0que ha abordado en su ponencia c\u00f3mo gestionar la seguridad y salud de manera progresiva y sostenible. Francisco P\u00e9rez, CEO de\u00a0<strong>Culmia<\/strong>, tambi\u00e9n ha participado en el acto compartiendo su visi\u00f3n en materia de\u00a0<strong>Prevenci\u00f3n de Riesgos Laborales<\/strong>.<\/p> <p>Asimismo, durante la jornada se han reconocido las mejores pr\u00e1cticas y la actitud hacia la excelencia en Seguridad y Salud, y Juan Manuel Borr\u00e1s,\u00a0<strong>Director de Operaciones en Culmia<\/strong>, ha sido el encargado de dar inicio a la ceremonia de entrega de los premios de esta IV Edici\u00f3n. Los galardones han sido otorgados tras una exhaustiva valoraci\u00f3n de las candidaturas por parte Martha Pulido, Secretaria del\u00a0<strong>Instituto Regional de Seguridad y Salud de la Comunidad de Madrid<\/strong>; Jaime Fern\u00e1ndez, Gerente de\u00a0<strong>ASPRIMA<\/strong>; y Felipe Aparicio, Director Ejecutivo del\u00a0<strong>Colegio Oficial de Aparejadores y Arquitectos T\u00e9cnicos de Madrid<\/strong>\u00a0(COAATM).<\/p> <p>Francisco P\u00e9rez, CEO de Culmia, ha entregado los premios en la categor\u00eda\u00a0<strong>Equipos de Obra<\/strong>, que han sido para Construcciones San Mart\u00edn, como primer finalista por la promoci\u00f3n Complejo Residencial Arganzuela \/ M\u00e9ndez \u00c1lvaro. Y segundo finalista, la constructora Beta Conkret, por la promoci\u00f3n Culmia Parc T\u00e8xtil, en Sabadell.<\/p> <p>En la categor\u00eda\u00a0<strong>Coordinador de Seguridad y Salud<\/strong>, los galardones han reca\u00eddo sobre Nuria Plaza Bacho, de QSafety, y como segundo finalista, Leonardo Silvestre Gonz\u00e1lez, de Bureau Veritas. Los mismos han sido entregados por los miembros del jurado. Por su parte, Francisco P\u00e9rez ha estado a cargo tambi\u00e9n de la entrega de los premios en la categor\u00eda\u00a0<strong>Gerente de Promoci\u00f3n \/ T\u00e9cnico de Urbanizaci\u00f3n<\/strong>. Los galardonados han sido M\u00f3nica Romero Fern\u00e1ndez, Christian Gim\u00e9nez Vallejo, Oriol Palomar Cros y Carles L\u00f3pez Mu\u00f1oz. Y, en la categor\u00eda de\u00a0<strong>Menci\u00f3n Especial<\/strong>, QSafety by Quir\u00f3n Prevenci\u00f3n ha sido premiada, con Ana Isabel L\u00f3pez Gonz\u00e1lez y Ana Carrasco de la Cruz como galardonadas de esta categor\u00eda. Los miembros del jurado han hecho entrega de este galard\u00f3n a las dos premiadas.<\/p> <p>En palabras de Juan Manuel Borr\u00e1s, Director de Operaciones en Culmia, \u201cen esta IV edici\u00f3n me gustar\u00eda subrayar la importancia de seguir invirtiendo en el desarrollo de las personas para que la seguridad se convierta en un valor clave y diferencial dentro de las empresas. El\u00a0<strong>compromiso con la salud y la seguridad debe ser una prioridad dentro de las organizaciones<\/strong>\u00a0para promover una cultura m\u00e1s proactiva en este sentido y sea permeable a todos los niveles, tambi\u00e9n en el sector inmobiliario\u201d.<\/p> <p>El acto ha sido presentado y moderado por el monologuista, guionista y presentador, Dani Delac\u00e1mara, quien ha guiado la jornada bajo la tem\u00e1tica\u00a0<strong>El viaje al desaf\u00edo<\/strong>\u00a0utilizando su caracter\u00edstico dinamismo para conectar con los asistentes y aportar una perspectiva fresca sobre los retos que enfrenta el sector en este \u00e1mbito.<\/p> <p>Te recomendamos leer esta nota de prensa escuchando nuestra\u00a0<a href=\"https:\/\/open.spotify.com\/user\/ur5b21aajkh51hru88d4008te?si=iU7gCqHsSU6gRqsw0pqiiQ\" rel=\"nofollow noopener\" target=\"_blank\">playlist\u00a0<\/a>\u2018Destino, tu hogar.<\/p> <p><a href=\"https:\/\/www.culmia.com\/wp-content\/uploads\/2025\/03\/NdP.Culmia-celebra-por-cuarto-ano-consecutivo-sus-premios-a-la-Excelencia-en-la-Seguridad-y-Salud.pdf\" target=\"_blank\" rel=\"noopener\">Descarga la noticia<\/a><\/p>","protected":false},"excerpt":{"rendered":"<p>\u2022 Bajo la tem\u00e1tica El viaje al desaf\u00edo, la jornada &#8230;<\/p>\n","protected":false},"author":15,"featured_media":17875,"comment_status":"open","ping_status":"open","sticky":false,"template":"","format":"standard","meta":{"_acf_changed":false,"footnotes":""},"categories":[121,1306],"tags":[],"class_list":["post-17874","post","type-post","status-publish","format-standard","has-post-thumbnail","hentry","category-actualidad","category-culmia"],"acf":[],"_links":{"self":[{"href":"https:\/\/www.culmia.com\/es\/wp-json\/wp\/v2\/posts\/17874","targetHints":{"allow":["GET"]}}],"collection":[{"href":"https:\/\/www.culmia.com\/es\/wp-json\/wp\/v2\/posts"}],"about":[{"href":"https:\/\/www.culmia.com\/es\/wp-json\/wp\/v2\/types\/post"}],"author":[{"embeddable":true,"href":"https:\/\/www.culmia.com\/es\/wp-json\/wp\/v2\/users\/15"}],"replies":[{"embeddable":true,"href":"https:\/\/www.culmia.com\/es\/wp-json\/wp\/v2\/comments?post=17874"}],"version-history":[{"count":3,"href":"https:\/\/www.culmia.com\/es\/wp-json\/wp\/v2\/posts\/17874\/revisions"}],"predecessor-version":[{"id":25554,"href":"https:\/\/www.culmia.com\/es\/wp-json\/wp\/v2\/posts\/17874\/revisions\/25554"}],"wp:featuredmedia":[{"embeddable":true,"href":"https:\/\/www.culmia.com\/es\/wp-json\/wp\/v2\/media\/17875"}],"wp:attachment":[{"href":"https:\/\/www.culmia.com\/es\/wp-json\/wp\/v2\/media?parent=17874"}],"wp:term":[{"taxonomy":"category","embeddable":true,"href":"https:\/\/www.culmia.com\/es\/wp-json\/wp\/v2\/categories?post=17874"},{"taxonomy":"post_tag","embeddable":true,"href":"https:\/\/www.culmia.com\/es\/wp-json\/wp\/v2\/tags?post=17874"}],"curies":[{"name":"wp","href":"https:\/\/api.w.org\/{rel}","templated":true}]}}