{"id":17870,"date":"2025-04-03T11:52:25","date_gmt":"2025-04-03T09:52:25","guid":{"rendered":"https:\/\/culmia.dev.emood.es\/?p=17870"},"modified":"2025-09-23T17:08:56","modified_gmt":"2025-09-23T15:08:56","slug":"culmia-entrega-su-promocion-blue-views-istan-en-la-costa-del-sol","status":"publish","type":"post","link":"https:\/\/www.culmia.com\/es\/blog\/culmia-entrega-su-promocion-blue-views-istan-en-la-costa-del-sol\/","title":{"rendered":"Culmia entrega su promoci\u00f3n Blue Views Ist\u00e1n en la Costa del Sol"},"content":{"rendered":"<ul> <li>Ubicada en el municipio de Ist\u00e1n, en M\u00e1laga, cuenta con 22 viviendas de 1 y 2 dormitorios distribuidas en tres bloques con amplias terrazas, as\u00ed como plazas de garaje y trasteros.<\/li> <\/ul> <ul> <li>El conjunto residencial dispone tambi\u00e9n de una piscina comunitaria y zonas ajardinadas.<\/li> <\/ul> <ul> <li>Culmia suma en Andaluc\u00eda un total de 22 promociones, m\u00e1s de 630 viviendas en comercializaci\u00f3n y una cartera de 270<\/li> <\/ul> <p><img decoding=\"async\" class=\"alignnone size-full wp-image-17871\" src=\"https:\/\/www.culmia.com\/wp-content\/uploads\/2025\/09\/th_Imagenes-NDP-2.jpg\" alt=\"\" width=\"1920\" height=\"905\" title=\"\" srcset=\"https:\/\/www.culmia.com\/wp-content\/uploads\/2025\/09\/th_Imagenes-NDP-2-200x94.jpg 200w, https:\/\/www.culmia.com\/wp-content\/uploads\/2025\/09\/th_Imagenes-NDP-2-300x141.jpg 300w, https:\/\/www.culmia.com\/wp-content\/uploads\/2025\/09\/th_Imagenes-NDP-2-400x189.jpg 400w, https:\/\/www.culmia.com\/wp-content\/uploads\/2025\/09\/th_Imagenes-NDP-2-600x283.jpg 600w, https:\/\/www.culmia.com\/wp-content\/uploads\/2025\/09\/th_Imagenes-NDP-2-768x362.jpg 768w, https:\/\/www.culmia.com\/wp-content\/uploads\/2025\/09\/th_Imagenes-NDP-2-800x377.jpg 800w, https:\/\/www.culmia.com\/wp-content\/uploads\/2025\/09\/th_Imagenes-NDP-2-1024x483.jpg 1024w, https:\/\/www.culmia.com\/wp-content\/uploads\/2025\/09\/th_Imagenes-NDP-2-1200x566.jpg 1200w, https:\/\/www.culmia.com\/wp-content\/uploads\/2025\/09\/th_Imagenes-NDP-2-1536x724.jpg 1536w, https:\/\/www.culmia.com\/wp-content\/uploads\/2025\/09\/th_Imagenes-NDP-2.jpg 1920w\" sizes=\"(max-width: 1920px) 100vw, 1920px\" \/><\/p> <p><strong>03 de abril<\/strong><strong>\u00a0de 2025<\/strong>- Culmia, la plataforma inmobiliaria que concentra \u00edntegramente las soluciones de vivienda del mercado, reafirma su apuesta por la\u00a0<strong>Costa del Sol<\/strong>\u00a0con la entrega de\u00a0<strong><a href=\"https:\/\/www.culmia.com\/ca\/promocions\/malaga\/istan\/culmia-blue-views-istan\">Culmia Blue Views Ist\u00e1n<\/a><\/strong>, promoci\u00f3n que cuenta con un total de\u00a0<strong>22 viviendas de varias tipolog\u00edas de 1 y 2 dormitorios<\/strong>, todas ellas distribuidas en\u00a0<strong>tres bloques<\/strong>. Las viviendas cuentan con amplias terrazas, y la mayor\u00eda de ellas disponen de\u00a0<strong>plaza de garaje y trastero<\/strong>. La promoci\u00f3n cuenta tambi\u00e9n con zonas comunes, entre las que cabe destacar la\u00a0<strong>piscina comunitaria y zonas ajardinadas. \u00a0<\/strong><\/p> <p>Asimismo, las viviendas del conjunto residencial est\u00e1n orientadas hacia el sureste y suroeste, lo que les permite aprovechar al m\u00e1ximo la entrada de luz natural y ofrecer ambientes luminosos y acogedores. Cuentan tambi\u00e9n con vistas al mar, al\u00a0<strong>Embalse de la Concepci\u00f3n y a la Sierra de las Nieves<\/strong>, Reserva de la Biosfera, proporcionando a los residentes un entorno de calma y naturaleza.<\/p> <p><strong>Culmia Blue Views Ist\u00e1n<\/strong>\u00a0se encuentra en la urbanizaci\u00f3n Cerros del Lago, en el municipio de Ist\u00e1n, en la\u00a0provincia de M\u00e1laga. Cuenta con una ubicaci\u00f3n estrat\u00e9gica que permite practicar distintos tipos de deportes, desde mar\u00edtimos, hasta golf en el\u00a0<strong>Club de Golf Aloha<\/strong>\u00a0o tenis en el\u00a0<strong>Club de Tenis Manolo Santana<\/strong>, a pocos minutos de la promoci\u00f3n.<\/p> <p>Adem\u00e1s, el conjunto residencial est\u00e1 muy bien situado con m\u00faltiples comunicaciones que conectan con otras \u00e1reas de la Costa del Sol, estando a tan solo 10 minutos de Puerto Banus. Ist\u00e1n se encuentra perfectamente comunicada gracias a la carretera A-7176 y la autopista AP-7, que conectan la localidad con Marbella, Estepona y otras ciudades. Tambi\u00e9n cuenta con servicios de autobuses que conectan Ist\u00e1n con otras localidades de la regi\u00f3n, y se encuentra a unos 45 minutos del aeropuerto de M\u00e1laga-Costa del Sol.<\/p> <p>Con la entrega de Culmia Blue Views Ist\u00e1n, la promotora cuenta en\u00a0<strong>Andaluc\u00eda<\/strong>\u00a0con un parque inmobiliario de\u00a0<strong>22 promociones<\/strong>, m\u00e1s de\u00a0<strong>630 viviendas en comercializaci\u00f3n<\/strong>\u00a0y con una cartera de 1.270.<\/p> <p>En palabras de Jos\u00e9 March, director territorial de\u00a0<strong>Culmia en Este y Sur<\/strong>, \u201cla entrega de Culmia Blue Views Ist\u00e1n reafirma nuestra apuesta por la provincia de M\u00e1laga con unas viviendas ubicadas en plena Costa del Sol que se adaptan a las necesidades y estilo de vida de los residentes a trav\u00e9s de sus diferentes tipolog\u00edas. Esta promoci\u00f3n est\u00e1 situada en un entorno privilegiado que ofrece un espacio en un enclave natural para disfrutar del aire libre, manteniendo al mismo tiempo una excelente conexi\u00f3n con localidades como Marbella o Estepona\u201d.<\/p> <p>Desde 2013, Culmia ya ha entregado m\u00e1s de 7.400 viviendas en m\u00e1s de 115 promociones.<\/p> <p>Te recomendamos leer esta nota de prensa escuchando\u00a0<a href=\"https:\/\/open.spotify.com\/playlist\/4SW6ZYQAlmc5yhtiNoBUZL\" rel=\"nofollow noopener\" target=\"_blank\">nuestra playlist \u2018Destino, Andaluc\u00eda\u2019<\/a>.<\/p> <p><a href=\"https:\/\/www.culmia.com\/wp-content\/uploads\/2025\/04\/20250107_NdP_Culmia_Entrega-Blue-Views-Istan.pdf\" target=\"_blank\" rel=\"noopener\">Descarga la noticia<\/a><\/p>","protected":false},"excerpt":{"rendered":"<p>Ubicada en el municipio de Ist\u00e1n, en M\u00e1laga, cuenta con &#8230;<\/p>\n","protected":false},"author":15,"featured_media":17871,"comment_status":"open","ping_status":"open","sticky":false,"template":"","format":"standard","meta":{"_acf_changed":false,"footnotes":""},"categories":[121,1306],"tags":[],"class_list":["post-17870","post","type-post","status-publish","format-standard","has-post-thumbnail","hentry","category-actualidad","category-culmia"],"acf":[],"_links":{"self":[{"href":"https:\/\/www.culmia.com\/es\/wp-json\/wp\/v2\/posts\/17870","targetHints":{"allow":["GET"]}}],"collection":[{"href":"https:\/\/www.culmia.com\/es\/wp-json\/wp\/v2\/posts"}],"about":[{"href":"https:\/\/www.culmia.com\/es\/wp-json\/wp\/v2\/types\/post"}],"author":[{"embeddable":true,"href":"https:\/\/www.culmia.com\/es\/wp-json\/wp\/v2\/users\/15"}],"replies":[{"embeddable":true,"href":"https:\/\/www.culmia.com\/es\/wp-json\/wp\/v2\/comments?post=17870"}],"version-history":[{"count":2,"href":"https:\/\/www.culmia.com\/es\/wp-json\/wp\/v2\/posts\/17870\/revisions"}],"predecessor-version":[{"id":25551,"href":"https:\/\/www.culmia.com\/es\/wp-json\/wp\/v2\/posts\/17870\/revisions\/25551"}],"wp:featuredmedia":[{"embeddable":true,"href":"https:\/\/www.culmia.com\/es\/wp-json\/wp\/v2\/media\/17871"}],"wp:attachment":[{"href":"https:\/\/www.culmia.com\/es\/wp-json\/wp\/v2\/media?parent=17870"}],"wp:term":[{"taxonomy":"category","embeddable":true,"href":"https:\/\/www.culmia.com\/es\/wp-json\/wp\/v2\/categories?post=17870"},{"taxonomy":"post_tag","embeddable":true,"href":"https:\/\/www.culmia.com\/es\/wp-json\/wp\/v2\/tags?post=17870"}],"curies":[{"name":"wp","href":"https:\/\/api.w.org\/{rel}","templated":true}]}}