{"id":17861,"date":"2025-04-08T11:34:12","date_gmt":"2025-04-08T09:34:12","guid":{"rendered":"https:\/\/culmia.dev.emood.es\/?p=17861"},"modified":"2026-03-17T15:35:53","modified_gmt":"2026-03-17T14:35:53","slug":"culmia-entrega-su-promocion-arbeyal-ii-en-gijon","status":"publish","type":"post","link":"https:\/\/www.culmia.com\/es\/blog\/culmia-entrega-su-promocion-arbeyal-ii-en-gijon\/","title":{"rendered":"Culmia entrega su promoci\u00f3n Arbeyal II en Gij\u00f3n"},"content":{"rendered":"<ul> <li>El conjunto residencial est\u00e1 compuesto por un total de 55 viviendas de 2 y 3 dormitorios, as\u00ed como plazas de garaje y trasteros.<\/li> <li>Culmia Arbeyal II Gij\u00f3n dispone tambi\u00e9n de amplias zonas ajardinadas y espacios comunes entre los que cabe destacar una zona infantil, un espacio para bicicletas, un Espacio Club Social y un Espacio Cardioprotegido.<\/li> <li>Las viviendas cuentan con calificaci\u00f3n energ\u00e9tica A.<\/li> <\/ul> <p><img decoding=\"async\" class=\"alignnone size-full wp-image-17862\" src=\"https:\/\/www.culmia.com\/wp-content\/uploads\/2025\/09\/th_Imagenes-NDP-14.jpg\" alt=\"\" width=\"1920\" height=\"905\" title=\"\" srcset=\"https:\/\/www.culmia.com\/wp-content\/uploads\/2025\/09\/th_Imagenes-NDP-14-200x94.jpg 200w, https:\/\/www.culmia.com\/wp-content\/uploads\/2025\/09\/th_Imagenes-NDP-14-300x141.jpg 300w, https:\/\/www.culmia.com\/wp-content\/uploads\/2025\/09\/th_Imagenes-NDP-14-400x189.jpg 400w, https:\/\/www.culmia.com\/wp-content\/uploads\/2025\/09\/th_Imagenes-NDP-14-600x283.jpg 600w, https:\/\/www.culmia.com\/wp-content\/uploads\/2025\/09\/th_Imagenes-NDP-14-768x362.jpg 768w, https:\/\/www.culmia.com\/wp-content\/uploads\/2025\/09\/th_Imagenes-NDP-14-800x377.jpg 800w, https:\/\/www.culmia.com\/wp-content\/uploads\/2025\/09\/th_Imagenes-NDP-14-1024x483.jpg 1024w, https:\/\/www.culmia.com\/wp-content\/uploads\/2025\/09\/th_Imagenes-NDP-14-1200x566.jpg 1200w, https:\/\/www.culmia.com\/wp-content\/uploads\/2025\/09\/th_Imagenes-NDP-14-1536x724.jpg 1536w, https:\/\/www.culmia.com\/wp-content\/uploads\/2025\/09\/th_Imagenes-NDP-14.jpg 1920w\" sizes=\"(max-width: 1920px) 100vw, 1920px\" \/><\/p> <p><strong>9 de abril de 2025<\/strong>- Culmia, la plataforma inmobiliaria que concentra \u00edntegramente las soluciones de vivienda del mercado, entrega su\u00a0<strong>promoci\u00f3n Arbeyal II en Gij\u00f3n<\/strong>, que cuenta con un total de\u00a0<strong>55 viviendas de 2 y 3 dormitorios<\/strong>\u00a0con una superficie que oscila entre los\u00a0<strong>89 m2 y 117 m2<\/strong>\u00a0. Asimismo, el conjunto residencial dispone tambi\u00e9n de\u00a0<strong>plazas de garaje\u00a0<\/strong>y<strong>\u00a0trasteros<\/strong>.<\/p> <p>Con respecto a sus espacios comunes,\u00a0<strong>Culmia Arbeyal II Gij\u00f3n<\/strong>\u00a0cuenta con una\u00a0<strong>zona infantil<\/strong>, un\u00a0<strong>espacio para almacenar las bicicletas de los residentes<\/strong>, un\u00a0<strong>Espacio Club Social<\/strong>\u00a0y un\u00a0<strong>Espacio Cardioprotegido<\/strong>. Las viviendas de esta promoci\u00f3n destacan tambi\u00e9n por sus amplias terrazas y por la orientaci\u00f3n al mar que tienen muchas de ellas. Adem\u00e1s, en sus alrededores, disponen de\u00a0<strong>zonas verdes p\u00fablicas<\/strong>\u00a0para el disfrute de todos los residentes.<\/p> <p>El conjunto residencial cuenta con\u00a0<strong>calificaci\u00f3n energ\u00e9tica A<\/strong>, la m\u00e1s alta, lo que contribuye significativamente a la\u00a0<strong>reducci\u00f3n del consumo energ\u00e9tico<\/strong>. Las viviendas est\u00e1n construidas y equipadas con materiales de primera calidad y con un aislamiento de fachada que permite\u00a0<strong>controlar la temperatura<\/strong>\u00a0en el interior del edificio.<\/p> <p>Sumado a esto, el edificio dispone de una\u00a0<strong>instalaci\u00f3n de alta eficiencia energ\u00e9tica<\/strong>\u00a0que hace uso de una\u00a0<strong>caldera comunitaria de gas<\/strong>\u00a0de alto rendimiento para producci\u00f3n de agua caliente sanitaria y calefacci\u00f3n, con apoyo de sistemas de aerotermia y con contadores individuales de consumo para reducir el gasto energ\u00e9tico.<\/p> <p>Ubicada a escasos metros la\u00a0<strong>Playa del Arbeyal<\/strong>, la promoci\u00f3n se encuentra perfectamente conectada a trav\u00e9s del\u00a0<strong>r\u00e1pido acceso a la autov\u00eda GJ-10<\/strong>\u00a0y a la\u00a0<strong>autopista A-8.<\/strong>\u00a0Tambi\u00e9n cuenta con m\u00faltiples\u00a0<strong>l\u00edneas de autobuses cercanas<\/strong>\u00a0(L1, 4 y 6), lo que\u00a0facilita el desplazamiento por toda la ciudad, estando a menos de media hora andando del casco antiguo de Gij\u00f3n.<\/p> <p>En palabras de Celso G\u00f3mez, Director Territorial Centro y Norte de Culmia, \u201cseguimos reafirmando nuestro compromiso con la regi\u00f3n, apostando especialmente por una zona en pleno crecimiento que est\u00e1 llamada a ser uno de los enclaves m\u00e1s din\u00e1micos de Gij\u00f3n. Nuestra promoci\u00f3n ofrece todas las comodidades necesarias para adaptarse a las necesidades de los residentes, combinando confort y sostenibilidad en un entorno moderno y funcional\u201d.<\/p> <p>Culmia contin\u00faa consolidando su presencia en la <a href=\"https:\/\/youtu.be\/H_EgkhiFh3E\" rel=\"nofollow noopener\" target=\"_blank\">Playa del Arbeyal<\/a> con la entrega de su segunda promoci\u00f3n en la zona. La compa\u00f1\u00eda refuerza as\u00ed su\u00a0<strong>compromiso con el desarrollo residencial<\/strong>\u00a0en este enclave de Gij\u00f3n, donde ya se encuentra en comercializaci\u00f3n\u00a0<strong><a href=\"https:\/\/www.culmia.com\/es\/promociones\/asturias\/gijon\/culmia-arbeyal-iii-gijon\">Arbeyal III<\/a><\/strong>\u00a0y pr\u00f3ximamente\u00a0<strong>Arbeyal IV,<\/strong>\u00a0reafirmando su apuesta por ofrecer viviendas de calidad en un entorno privilegiado.<\/p> <p>Desde 2013, Culmia ya ha entregado m\u00e1s de 8.000 viviendas en m\u00e1s de 125 promociones.<\/p> <p>Te recomendamos leer esta nota de prensa escuchando\u00a0<a href=\"https:\/\/open.spotify.com\/playlist\/7gKPCYQSgI2IMXJx5bxjS4?si=Z_zV845xRca34HUf2H_V3g\" rel=\"nofollow noopener\" target=\"_blank\">nuestra playlist \u2018Destino, Asturias\u2019.<\/a><\/p> <p><a href=\"https:\/\/www.culmia.com\/wp-content\/uploads\/2025\/04\/NdP.Culmia-entrega-su-promocion-Arbeyal-II-en-Gijon.pdf\" target=\"_blank\" rel=\"noopener\">Descarga la noticia<\/a><\/p>","protected":false},"excerpt":{"rendered":"<p>El conjunto residencial est\u00e1 compuesto por un total de 55 &#8230;<\/p>\n","protected":false},"author":15,"featured_media":17862,"comment_status":"open","ping_status":"open","sticky":false,"template":"","format":"standard","meta":{"_acf_changed":false,"footnotes":""},"categories":[121,1306],"tags":[],"class_list":["post-17861","post","type-post","status-publish","format-standard","has-post-thumbnail","hentry","category-actualidad","category-culmia"],"acf":[],"_links":{"self":[{"href":"https:\/\/www.culmia.com\/es\/wp-json\/wp\/v2\/posts\/17861","targetHints":{"allow":["GET"]}}],"collection":[{"href":"https:\/\/www.culmia.com\/es\/wp-json\/wp\/v2\/posts"}],"about":[{"href":"https:\/\/www.culmia.com\/es\/wp-json\/wp\/v2\/types\/post"}],"author":[{"embeddable":true,"href":"https:\/\/www.culmia.com\/es\/wp-json\/wp\/v2\/users\/15"}],"replies":[{"embeddable":true,"href":"https:\/\/www.culmia.com\/es\/wp-json\/wp\/v2\/comments?post=17861"}],"version-history":[{"count":4,"href":"https:\/\/www.culmia.com\/es\/wp-json\/wp\/v2\/posts\/17861\/revisions"}],"predecessor-version":[{"id":31842,"href":"https:\/\/www.culmia.com\/es\/wp-json\/wp\/v2\/posts\/17861\/revisions\/31842"}],"wp:featuredmedia":[{"embeddable":true,"href":"https:\/\/www.culmia.com\/es\/wp-json\/wp\/v2\/media\/17862"}],"wp:attachment":[{"href":"https:\/\/www.culmia.com\/es\/wp-json\/wp\/v2\/media?parent=17861"}],"wp:term":[{"taxonomy":"category","embeddable":true,"href":"https:\/\/www.culmia.com\/es\/wp-json\/wp\/v2\/categories?post=17861"},{"taxonomy":"post_tag","embeddable":true,"href":"https:\/\/www.culmia.com\/es\/wp-json\/wp\/v2\/tags?post=17861"}],"curies":[{"name":"wp","href":"https:\/\/api.w.org\/{rel}","templated":true}]}}