{"id":17856,"date":"2025-04-22T11:30:52","date_gmt":"2025-04-22T09:30:52","guid":{"rendered":"https:\/\/culmia.dev.emood.es\/?p=17856"},"modified":"2025-09-23T17:04:55","modified_gmt":"2025-09-23T15:04:55","slug":"culmia-entrega-una-nueva-promocion-en-sant-cugat-del-valles-culmia-urban-monestir","status":"publish","type":"post","link":"https:\/\/www.culmia.com\/es\/blog\/culmia-entrega-una-nueva-promocion-en-sant-cugat-del-valles-culmia-urban-monestir\/","title":{"rendered":"Culmia entrega una nueva promoci\u00f3n en Sant Cugat del Vall\u00e9s: Culmia Urban Monestir"},"content":{"rendered":"<ul> <li>Consta de un edificio moderno con un total de 24 viviendas de 1 y 2 dormitorios con garaje y trastero. En la planta baja, la promoci\u00f3n cuenta con un espacio de coworking, un Espacio Cardioprotegido y un local comercial.<\/li> <li>Culmia Urban Monestir Sant Cugat es la duod\u00e9cima promoci\u00f3n de Culmia en la localidad, en l\u00ednea con su compromiso con el desarrollo e impulso de Sant Cugat del Vall\u00e9s.<\/li> <li>Las viviendas cuentan con calificaci\u00f3n energ\u00e9tica A.<\/li> <\/ul> <p><img decoding=\"async\" class=\"alignnone size-full wp-image-17857\" src=\"https:\/\/www.culmia.com\/wp-content\/uploads\/2025\/09\/th_Imagenes-NDP-11.jpg\" alt=\"\" width=\"1920\" height=\"905\" title=\"\" srcset=\"https:\/\/www.culmia.com\/wp-content\/uploads\/2025\/09\/th_Imagenes-NDP-11-200x94.jpg 200w, https:\/\/www.culmia.com\/wp-content\/uploads\/2025\/09\/th_Imagenes-NDP-11-300x141.jpg 300w, https:\/\/www.culmia.com\/wp-content\/uploads\/2025\/09\/th_Imagenes-NDP-11-400x189.jpg 400w, https:\/\/www.culmia.com\/wp-content\/uploads\/2025\/09\/th_Imagenes-NDP-11-600x283.jpg 600w, https:\/\/www.culmia.com\/wp-content\/uploads\/2025\/09\/th_Imagenes-NDP-11-768x362.jpg 768w, https:\/\/www.culmia.com\/wp-content\/uploads\/2025\/09\/th_Imagenes-NDP-11-800x377.jpg 800w, https:\/\/www.culmia.com\/wp-content\/uploads\/2025\/09\/th_Imagenes-NDP-11-1024x483.jpg 1024w, https:\/\/www.culmia.com\/wp-content\/uploads\/2025\/09\/th_Imagenes-NDP-11-1200x566.jpg 1200w, https:\/\/www.culmia.com\/wp-content\/uploads\/2025\/09\/th_Imagenes-NDP-11-1536x724.jpg 1536w, https:\/\/www.culmia.com\/wp-content\/uploads\/2025\/09\/th_Imagenes-NDP-11.jpg 1920w\" sizes=\"(max-width: 1920px) 100vw, 1920px\" \/><\/p> <p><strong>22\u00a0<\/strong><strong>de abril de 2025<\/strong>- Culmia, la plataforma inmobiliaria que concentra \u00edntegramente las soluciones de vivienda del mercado, entrega su duod\u00e9cima promoci\u00f3n en\u00a0<strong>Sant Cugat del Vall\u00e9s<\/strong>:\u00a0<strong>Culmia Urban Monestir Sant Cugat<\/strong>. Se trata de un edificio moderno que cuenta con un total de\u00a0<strong>24 viviendas de entre 65 m<sup>2<\/sup>\u00a0y 95 m<sup>2<\/sup><\/strong>, con opciones de\u00a0<strong>1 y 2 dormitorios<\/strong>, y con\u00a0<strong>plazas de garaje<\/strong>\u00a0y\u00a0<strong>trastero<\/strong>.<\/p> <p>La promoci\u00f3n dispone en la planta baja de un\u00a0<strong>espacio de coworking<\/strong>, un\u00a0<strong>Espacio Cardioprotegido<\/strong>\u00a0y un<strong>\u00a0local comercial<\/strong>, lo que la convierte en una opci\u00f3n atractiva tanto para inversores como para hogares. La distribuci\u00f3n de las viviendas maximiza la entrada de luz natural, combin\u00e1ndola con acabados modernos de alta calidad que refuerzan la exclusividad de la promoci\u00f3n.<\/p> <p>En este sentido, Culmia Urban Monestir Sant Cugat cuenta con\u00a0<strong>calificaci\u00f3n energ\u00e9tica A<\/strong>, lo que contribuye significativamente a la reducci\u00f3n del consumo energ\u00e9tica y las emisiones de gases de efecto invernadero. Esto refleja el compromiso continuo de la promotora con la sostenibilidad y la mejora del impacto ambiental de sus desarrollos.<\/p> <p>Adem\u00e1s, el conjunto residencial cuenta tambi\u00e9n con la\u00a0<strong>certificaci\u00f3n de los sellos propios de Culmia: Jade<\/strong>, dedicado a la sostenibilidad, y\u00a0<strong>Cuarzo<\/strong>, a la vivienda saludable.<\/p> <p>En cuanto a ubicaci\u00f3n, la promoci\u00f3n est\u00e1 situada a tan solo 3 minutos del\u00a0<strong>centro de Sant Cugat<\/strong>, en un entorno de actividad urbana, rodeada de una amplia oferta comercial y de actividades de todo tipo. Adem\u00e1s,\u00a0<strong>Culmia Urban Monestir Sant Cugat<\/strong>\u00a0est\u00e1 perfectamente conectada tanto por transporte p\u00fablico como privado, con accesos directos a\u00a0<strong>Barcelona<\/strong>\u00a0a trav\u00e9s de autopistas, carreteras y la estaci\u00f3n de ferrocarriles\u00a0<strong>Cerdanyola del Vall\u00e9s<\/strong>\u00a0que se encuentra a solo 2 kil\u00f3metros.<\/p> <p>En concreto, Sant Cugat est\u00e1 muy bien conectada por carretera, ya que el transporte p\u00fablico conecta con las poblaciones del entorno, tanto por tren, diferentes\u00a0<strong>l\u00edneas de ferrocarril<\/strong>\u00a0de\u00a0<strong>FGC<\/strong>\u00a0(S1, S2, S5 y S55),\u00a0<strong>autobuses interurbanos\u00a0<\/strong>y<strong>\u00a0Cercan\u00edas Renfe<\/strong>, y a trav\u00e9s de la\u00a0<strong>l\u00ednea R8<\/strong>, que conecta con las\u00a0<strong>estaciones internacionales de Sants y de Francia<\/strong>.<\/p> <p>En palabras de Josep Mar\u00eda Cases, Director Territorial de Culmia en Catalu\u00f1a, \u201cla entrega de Culmia Urban Monestir Sant Cugat reafirma, una vez m\u00e1s, nuestra apuesta por el desarrollo del parque residencial de Sant Cugat del Vall\u00e9s, donde ya sumamos\u00a0<strong>doce promociones<\/strong>. Esta promoci\u00f3n en concreto representa un paso m\u00e1s en nuestro compromiso con la creaci\u00f3n de viviendas de calidad en una ubicaci\u00f3n estrat\u00e9gica, ofreciendo a familias e inversores un entorno \u00fanico con excelentes conexiones y servicios\u201d.<\/p> <p>Desde 2013, Culmia ya ha entregado m\u00e1s de 8.000 viviendas en m\u00e1s de 125 promociones.<\/p> <p>Te recomendamos leer esta nota de prensa escuchando\u00a0<a href=\"https:\/\/open.spotify.com\/playlist\/6Apte3b4NAwNNmaLzKBZbw\" rel=\"nofollow noopener\" target=\"_blank\">nuestra playlist \u2018Destino, Catalu\u00f1a\u2019<\/a>.<\/p> <p><a href=\"https:\/\/www.culmia.com\/wp-content\/uploads\/2025\/04\/20250422_NdP_Culmia_Entrega-Culmia-Urban-Monestir-Sant-Cugat.pdf\" target=\"_blank\" rel=\"noopener\">Descarga la noticia<\/a><\/p>","protected":false},"excerpt":{"rendered":"<p>Consta de un edificio moderno con un total de 24 &#8230;<\/p>\n","protected":false},"author":15,"featured_media":17857,"comment_status":"open","ping_status":"open","sticky":false,"template":"","format":"standard","meta":{"_acf_changed":false,"footnotes":""},"categories":[121,1306],"tags":[],"class_list":["post-17856","post","type-post","status-publish","format-standard","has-post-thumbnail","hentry","category-actualidad","category-culmia"],"acf":[],"_links":{"self":[{"href":"https:\/\/www.culmia.com\/es\/wp-json\/wp\/v2\/posts\/17856","targetHints":{"allow":["GET"]}}],"collection":[{"href":"https:\/\/www.culmia.com\/es\/wp-json\/wp\/v2\/posts"}],"about":[{"href":"https:\/\/www.culmia.com\/es\/wp-json\/wp\/v2\/types\/post"}],"author":[{"embeddable":true,"href":"https:\/\/www.culmia.com\/es\/wp-json\/wp\/v2\/users\/15"}],"replies":[{"embeddable":true,"href":"https:\/\/www.culmia.com\/es\/wp-json\/wp\/v2\/comments?post=17856"}],"version-history":[{"count":3,"href":"https:\/\/www.culmia.com\/es\/wp-json\/wp\/v2\/posts\/17856\/revisions"}],"predecessor-version":[{"id":25544,"href":"https:\/\/www.culmia.com\/es\/wp-json\/wp\/v2\/posts\/17856\/revisions\/25544"}],"wp:featuredmedia":[{"embeddable":true,"href":"https:\/\/www.culmia.com\/es\/wp-json\/wp\/v2\/media\/17857"}],"wp:attachment":[{"href":"https:\/\/www.culmia.com\/es\/wp-json\/wp\/v2\/media?parent=17856"}],"wp:term":[{"taxonomy":"category","embeddable":true,"href":"https:\/\/www.culmia.com\/es\/wp-json\/wp\/v2\/categories?post=17856"},{"taxonomy":"post_tag","embeddable":true,"href":"https:\/\/www.culmia.com\/es\/wp-json\/wp\/v2\/tags?post=17856"}],"curies":[{"name":"wp","href":"https:\/\/api.w.org\/{rel}","templated":true}]}}