{"id":17851,"date":"2025-05-09T11:29:49","date_gmt":"2025-05-09T09:29:49","guid":{"rendered":"https:\/\/culmia.dev.emood.es\/?p=17851"},"modified":"2025-09-11T11:51:03","modified_gmt":"2025-09-11T09:51:03","slug":"culmia-celebra-la-feria-de-abril-con-una-jornada-llena-de-color-sabor-y-espiritu-del-sur","status":"publish","type":"post","link":"https:\/\/www.culmia.com\/es\/blog\/culmia-celebra-la-feria-de-abril-con-una-jornada-llena-de-color-sabor-y-espiritu-del-sur\/","title":{"rendered":"Culmia celebra la Feria de Abril con una jornada llena de color, sabor y esp\u00edritu del sur"},"content":{"rendered":"<p><img decoding=\"async\" class=\"alignnone size-full wp-image-17852\" src=\"https:\/\/www.culmia.com\/wp-content\/uploads\/2025\/09\/th_Imagenes-NDP-15.jpg\" alt=\"\" width=\"1920\" height=\"905\" title=\"\" srcset=\"https:\/\/www.culmia.com\/wp-content\/uploads\/2025\/09\/th_Imagenes-NDP-15-200x94.jpg 200w, https:\/\/www.culmia.com\/wp-content\/uploads\/2025\/09\/th_Imagenes-NDP-15-300x141.jpg 300w, https:\/\/www.culmia.com\/wp-content\/uploads\/2025\/09\/th_Imagenes-NDP-15-400x189.jpg 400w, https:\/\/www.culmia.com\/wp-content\/uploads\/2025\/09\/th_Imagenes-NDP-15-600x283.jpg 600w, https:\/\/www.culmia.com\/wp-content\/uploads\/2025\/09\/th_Imagenes-NDP-15-768x362.jpg 768w, https:\/\/www.culmia.com\/wp-content\/uploads\/2025\/09\/th_Imagenes-NDP-15-800x377.jpg 800w, https:\/\/www.culmia.com\/wp-content\/uploads\/2025\/09\/th_Imagenes-NDP-15-1024x483.jpg 1024w, https:\/\/www.culmia.com\/wp-content\/uploads\/2025\/09\/th_Imagenes-NDP-15-1200x566.jpg 1200w, https:\/\/www.culmia.com\/wp-content\/uploads\/2025\/09\/th_Imagenes-NDP-15-1536x724.jpg 1536w, https:\/\/www.culmia.com\/wp-content\/uploads\/2025\/09\/th_Imagenes-NDP-15.jpg 1920w\" sizes=\"(max-width: 1920px) 100vw, 1920px\" \/><\/p> <p>En Culmia, no solo construimos espacios para vivir, sino tambi\u00e9n momentos para compartir. Y este viernes hemos vivido uno muy especial: \u00a1la Feria de Abril ha llegado a nuestras oficinas!<\/p> <p class=\"\" data-start=\"479\" data-end=\"915\">Con el objetivo de celebrar nuestras tradiciones y fomentar un ambiente cercano y distendido entre compa\u00f1eros, hoy hemos ambientado nuestro office como si de una aut\u00e9ntica caseta se tratara. Farolillos, flores para el pelo, abanicos, mantones y sobre todo mucho arte llenando de alegr\u00eda cada rinc\u00f3n. Una decoraci\u00f3n que nos ha transportado directamente a la feria m\u00e1s emblem\u00e1tica de Andaluc\u00eda.<\/p> <p class=\"\" data-start=\"917\" data-end=\"1242\">La ma\u00f1ana ha estado acompa\u00f1ada de una selecci\u00f3n de comida t\u00edpica andaluza, con un picoteo que ha hecho las delicias de todos: jam\u00f3n, embutido, tortilla, queso&#8230; Una aut\u00e9ntica celebraci\u00f3n para los sentidos.<\/p> <p class=\"\" data-start=\"1244\" data-end=\"1665\">M\u00e1s all\u00e1 de la gastronom\u00eda y la est\u00e9tica, se respiraba un ambiente protagonizado por el compa\u00f1erismo, las risas y las ganas de celebrar juntos. Estos momentos nos recuerdan que, en Culmia, el equipo humano es el coraz\u00f3n de todo lo que hacemos. Por eso, iniciativas como esta son clave para seguir construyendo una cultura corporativa s\u00f3lida, en la que el bienestar y la conexi\u00f3n entre las personas ocupan un lugar prioritario.<\/p> <p class=\"\" data-start=\"1667\" data-end=\"1980\">Queremos dar las gracias a todas las personas que han colaborado en la organizaci\u00f3n de esta feria tan especial y a quienes, con su entusiasmo, han contribuido a que sea inolvidable. Porque en Culmia, cada detalle cuenta, y celebraciones como esta son las que nos hacen sentir m\u00e1s cerca unos de otros.<\/p> <p class=\"\" data-start=\"1982\" data-end=\"2159\">Seguiremos apostando por momentos que refuercen nuestros valores y nos ayuden a seguir disfrutando del trabajo en equipo con alegr\u00eda, implicaci\u00f3n y, c\u00f3mo no, un poquito de arte.<\/p> <p class=\"\" data-start=\"2161\" data-end=\"2199\">\u00a1Viva la Feria de Abril y viva Culmia!<\/p>","protected":false},"excerpt":{"rendered":"<p>En Culmia, no solo construimos espacios para vivir, sino tambi\u00e9n &#8230;<\/p>\n","protected":false},"author":15,"featured_media":17852,"comment_status":"open","ping_status":"open","sticky":false,"template":"","format":"standard","meta":{"_acf_changed":false,"footnotes":""},"categories":[121,1306],"tags":[],"class_list":["post-17851","post","type-post","status-publish","format-standard","has-post-thumbnail","hentry","category-actualidad","category-culmia"],"acf":[],"_links":{"self":[{"href":"https:\/\/www.culmia.com\/es\/wp-json\/wp\/v2\/posts\/17851","targetHints":{"allow":["GET"]}}],"collection":[{"href":"https:\/\/www.culmia.com\/es\/wp-json\/wp\/v2\/posts"}],"about":[{"href":"https:\/\/www.culmia.com\/es\/wp-json\/wp\/v2\/types\/post"}],"author":[{"embeddable":true,"href":"https:\/\/www.culmia.com\/es\/wp-json\/wp\/v2\/users\/15"}],"replies":[{"embeddable":true,"href":"https:\/\/www.culmia.com\/es\/wp-json\/wp\/v2\/comments?post=17851"}],"version-history":[{"count":2,"href":"https:\/\/www.culmia.com\/es\/wp-json\/wp\/v2\/posts\/17851\/revisions"}],"predecessor-version":[{"id":17855,"href":"https:\/\/www.culmia.com\/es\/wp-json\/wp\/v2\/posts\/17851\/revisions\/17855"}],"wp:featuredmedia":[{"embeddable":true,"href":"https:\/\/www.culmia.com\/es\/wp-json\/wp\/v2\/media\/17852"}],"wp:attachment":[{"href":"https:\/\/www.culmia.com\/es\/wp-json\/wp\/v2\/media?parent=17851"}],"wp:term":[{"taxonomy":"category","embeddable":true,"href":"https:\/\/www.culmia.com\/es\/wp-json\/wp\/v2\/categories?post=17851"},{"taxonomy":"post_tag","embeddable":true,"href":"https:\/\/www.culmia.com\/es\/wp-json\/wp\/v2\/tags?post=17851"}],"curies":[{"name":"wp","href":"https:\/\/api.w.org\/{rel}","templated":true}]}}