{"id":17839,"date":"2025-05-23T10:36:52","date_gmt":"2025-05-23T08:36:52","guid":{"rendered":"https:\/\/culmia.dev.emood.es\/?p=17839"},"modified":"2025-09-23T17:01:24","modified_gmt":"2025-09-23T15:01:24","slug":"culmia-ganadora-en-la-categoria-de-marketing-de-los-premios-asprima-sima-2025","status":"publish","type":"post","link":"https:\/\/www.culmia.com\/es\/blog\/culmia-ganadora-en-la-categoria-de-marketing-de-los-premios-asprima-sima-2025\/","title":{"rendered":"Culmia, ganadora en la categor\u00eda de Marketing de los Premios ASPRIMA-SIMA 2025"},"content":{"rendered":"<ul> <li>La promotora se encuentra tambi\u00e9n entre las empresas ganadoras en la categor\u00eda \u2018Mejor Desarrollo Urban\u00edstico\u2019 por su participaci\u00f3n en el \u00e1mbito del MPGM Estaci\u00f3-Seda-Paperera.<\/li> <li>Los Premios, celebrados en el marco de SIMA, destacan y premian las mejores iniciativas del sector, promoviendo la innovaci\u00f3n, la sostenibilidad y la calidad en la construcci\u00f3n y desarrollo de viviendas.<\/li> <li>Culmia ha sido tambi\u00e9n finalista en las categor\u00edas de \u2018Mejor Actuaci\u00f3n Inmobiliaria en Vivienda Asequible\u2019 y \u2018Mejor Iniciativa en Formaci\u00f3n\u2019.<\/li> <li>Cristina Ontoso, directora Comercial y de Marketing en Culmia recogi\u00f3 ayer el galard\u00f3n en la ceremonia de entrega de los Premios celebrada en La Real F\u00e1brica de Tapices en Madrid.<\/li> <\/ul> <p><img decoding=\"async\" class=\"alignnone size-full wp-image-17676\" src=\"https:\/\/www.culmia.com\/wp-content\/uploads\/2025\/05\/IMG_9199-scaled.jpg\" alt=\"\" width=\"2560\" height=\"1749\" title=\"\" srcset=\"https:\/\/www.culmia.com\/wp-content\/uploads\/2025\/05\/IMG_9199-200x137.jpg 200w, https:\/\/www.culmia.com\/wp-content\/uploads\/2025\/05\/IMG_9199-300x205.jpg 300w, https:\/\/www.culmia.com\/wp-content\/uploads\/2025\/05\/IMG_9199-400x273.jpg 400w, https:\/\/www.culmia.com\/wp-content\/uploads\/2025\/05\/IMG_9199-600x410.jpg 600w, https:\/\/www.culmia.com\/wp-content\/uploads\/2025\/05\/IMG_9199-768x525.jpg 768w, https:\/\/www.culmia.com\/wp-content\/uploads\/2025\/05\/IMG_9199-800x547.jpg 800w, https:\/\/www.culmia.com\/wp-content\/uploads\/2025\/05\/IMG_9199-1024x700.jpg 1024w, https:\/\/www.culmia.com\/wp-content\/uploads\/2025\/05\/IMG_9199-1200x820.jpg 1200w, https:\/\/www.culmia.com\/wp-content\/uploads\/2025\/05\/IMG_9199-1536x1049.jpg 1536w, https:\/\/www.culmia.com\/wp-content\/uploads\/2025\/05\/IMG_9199-scaled.jpg 2560w\" sizes=\"(max-width: 2560px) 100vw, 2560px\" \/><\/p> <p>23 de mayo de 2025- Culmia, la plataforma inmobiliaria que concentra \u00edntegramente las soluciones de vivienda del mercado, ha sido galardonada en la\u00a0<strong>categor\u00eda de \u2018Mejor Campa\u00f1a de Marketing de Producto\/Servicio de Empresas Inmobiliarias\u2019<\/strong>\u00a0y se encuentra entre las empresas ganadoras en la categor\u00eda \u2018<strong>Mejor Desarrollo Urban\u00edstico<\/strong>\u2019 de los\u00a0<a href=\"https:\/\/simaexpo.com\/premios-asprima-sima-2025\/\" rel=\"nofollow noopener\" target=\"_blank\"><strong>Premios ASPRIMA-SIMA 2025<\/strong><\/a>. Asimismo, la promotora ha sido tambi\u00e9n finalista en las categor\u00edas de \u2018Mejor Actuaci\u00f3n Inmobiliaria en Vivienda Asequible\u2019 y \u2018Mejor Iniciativa en Formaci\u00f3n\u2019.<\/p> <p>Los Premios, celebrados en el marco de\u00a0<strong>SIMA<\/strong>, un evento internacional de referencia en el sector inmobiliario residencial, destacan las mejores iniciativas del sector, promoviendo la innovaci\u00f3n, la sostenibilidad y la calidad en la construcci\u00f3n y desarrollo de viviendas. Adem\u00e1s de reconocer a los profesionales del sector, estos galardones buscan\u00a0<strong>fomentar un entorno de competencia saludable<\/strong>\u00a0que impulse la\u00a0<strong>mejora continua de la industria inmobiliaria<\/strong>.<\/p> <p>En concreto, la promotora ha sido premiada por su proyecto \u2018<strong>Culmia Challenges<\/strong>\u2019 en la categor\u00eda de \u2018Mejor Campa\u00f1a de Marketing de Producto\/Servicio de Empresas Inmobiliarias\u2019. Una iniciativa desarrollada con la agencia\u00a0<strong>Soy Olivia Media Group<\/strong>\u00a0que conecta con el p\u00fablico a trav\u00e9s de territorios como la gastronom\u00eda, la decoraci\u00f3n y el humor, con la colaboraci\u00f3n con reconocidas figuras p\u00fablicas para generar experiencias diferenciales y dar visibilidad a sus promociones.<\/p> <p>Este reconocimiento se suma al obtenido en los Premios ASPRIMA-SIMA 2023 por su campa\u00f1a\u00a0<strong>\u2018Vitamina Home<\/strong>\u2019 en la categor\u00eda \u2018<strong>Mejor Campa\u00f1a de Marketing<\/strong>\u2019, en las\u00a0<strong>100 Mejores Ideas de 2023 de Actualidad Econ\u00f3mica por la iniciativa \u2018Culmia Fest\u2019,<\/strong>\u00a0as\u00ed como al\u00a0<strong>Premio Fotocasa Pro 2024<\/strong>\u00a0en la categor\u00eda \u2018<strong>Mejor Estrategia de Negocio<\/strong>\u2019 por el proyecto \u2018<strong>Cimentando las bases de Culmia a trav\u00e9s de acciones de marketing diferenciales<\/strong>\u2019, que incluye una amplia variedad de iniciativas, entre ellas Culmia Challenges.<\/p> <p>Adem\u00e1s, la reciente nominaci\u00f3n de Culmia en los\u00a0<strong>Premios Nacionales de Marketing<\/strong>\u00a0refuerza el posicionamiento de la compa\u00f1\u00eda como una promotora l\u00edder en el desarrollo de estrategias de marketing innovadoras.<\/p> <p>El equipo de marketing de la promotora,\u00a0<strong>Cristina Ontoso<\/strong>, directora Comercial y de Marketing,<strong>\u00a0V\u00edctor Portela<\/strong>, director de Estrategia de Marketing y\u00a0<strong>Luc\u00eda Aldeanueva<\/strong>, responsable de Marketing Corporativo recogieron ayer el galard\u00f3n en la ceremonia de entrega de los Premios celebrada en La Real F\u00e1brica de Tapices en Madrid.<\/p> <p>En palabras de Cristina Ontoso: \u201ceste reconocimiento reafirma nuestro compromiso con la innovaci\u00f3n y la calidad, valores que gu\u00edan cada uno de nuestros proyectos. Este premio nos anima a seguir innovando en la forma en que comunicamos y acercamos nuestras promociones a los clientes\u201d.<\/p> <p>La promotora ha sido tambi\u00e9n reconocida como una de las empresas galardonadas en la categor\u00eda de \u2018<strong>Mejor Desarrollo Urban\u00edstico<\/strong>\u2019 gracias al proyecto conjunto realizado en el \u00e1mbito del\u00a0<strong>MPGM Estaci\u00f3-Seda-Paperera<\/strong>\u00a0y se encuentra entre las empresas finalistas en la categor\u00eda \u2018<strong>Mejor Actuaci\u00f3n Inmobiliaria en Vivienda Asequible<\/strong>\u2019 por su proyecto \u2018<strong>Destino 1.763 viviendas Plan VIVE<\/strong>\u2019 y en la categor\u00eda \u2018<strong>Mejor Iniciativa de Formaci\u00f3n<\/strong>\u2019, a la que se ha presentado con su proyecto \u2018<strong>F\u00f3rmate Cool<\/strong>\u2019.<\/p> <p>Te recomendamos leer esta nota de prensa escuchando nuestra playlist\u00a0<a href=\"https:\/\/open.spotify.com\/playlist\/4wukveevnYd398HBQ94TpF?si=fd43805345d042ea\" rel=\"nofollow noopener\" target=\"_blank\">\u2018Destino, tu hogar\u2019.<\/a><\/p> <p><a href=\"https:\/\/www.culmia.com\/wp-content\/uploads\/2025\/05\/NdP.Culmia-ganadora-en-la-categoria-de-marketing-de-los-Premios-ASPRIMA-SIMA-2025.pdf\" target=\"_blank\" rel=\"noopener\">Descarga la noticia<\/a><\/p>","protected":false},"excerpt":{"rendered":"<p>La promotora se encuentra tambi\u00e9n entre las empresas ganadoras en &#8230;<\/p>\n","protected":false},"author":15,"featured_media":17676,"comment_status":"open","ping_status":"open","sticky":false,"template":"","format":"standard","meta":{"_acf_changed":false,"footnotes":""},"categories":[121,1306],"tags":[],"class_list":["post-17839","post","type-post","status-publish","format-standard","has-post-thumbnail","hentry","category-actualidad","category-culmia"],"acf":[],"_links":{"self":[{"href":"https:\/\/www.culmia.com\/es\/wp-json\/wp\/v2\/posts\/17839","targetHints":{"allow":["GET"]}}],"collection":[{"href":"https:\/\/www.culmia.com\/es\/wp-json\/wp\/v2\/posts"}],"about":[{"href":"https:\/\/www.culmia.com\/es\/wp-json\/wp\/v2\/types\/post"}],"author":[{"embeddable":true,"href":"https:\/\/www.culmia.com\/es\/wp-json\/wp\/v2\/users\/15"}],"replies":[{"embeddable":true,"href":"https:\/\/www.culmia.com\/es\/wp-json\/wp\/v2\/comments?post=17839"}],"version-history":[{"count":2,"href":"https:\/\/www.culmia.com\/es\/wp-json\/wp\/v2\/posts\/17839\/revisions"}],"predecessor-version":[{"id":25540,"href":"https:\/\/www.culmia.com\/es\/wp-json\/wp\/v2\/posts\/17839\/revisions\/25540"}],"wp:featuredmedia":[{"embeddable":true,"href":"https:\/\/www.culmia.com\/es\/wp-json\/wp\/v2\/media\/17676"}],"wp:attachment":[{"href":"https:\/\/www.culmia.com\/es\/wp-json\/wp\/v2\/media?parent=17839"}],"wp:term":[{"taxonomy":"category","embeddable":true,"href":"https:\/\/www.culmia.com\/es\/wp-json\/wp\/v2\/categories?post=17839"},{"taxonomy":"post_tag","embeddable":true,"href":"https:\/\/www.culmia.com\/es\/wp-json\/wp\/v2\/tags?post=17839"}],"curies":[{"name":"wp","href":"https:\/\/api.w.org\/{rel}","templated":true}]}}