{"id":17834,"date":"2025-06-05T10:35:37","date_gmt":"2025-06-05T08:35:37","guid":{"rendered":"https:\/\/culmia.dev.emood.es\/?p=17834"},"modified":"2025-09-11T10:36:45","modified_gmt":"2025-09-11T08:36:45","slug":"culmia-participa-en-la-v-gran-jornada-inmobiliaria-de-eleconomista-para-abordar-los-retos-y-oportunidades-del-sector-promotor-en-espana","status":"publish","type":"post","link":"https:\/\/www.culmia.com\/es\/blog\/culmia-participa-en-la-v-gran-jornada-inmobiliaria-de-eleconomista-para-abordar-los-retos-y-oportunidades-del-sector-promotor-en-espana\/","title":{"rendered":"Culmia participa en la V Gran Jornada Inmobiliaria de elEconomista para abordar los retos y oportunidades del sector promotor en Espa\u00f1a"},"content":{"rendered":"<p><img decoding=\"async\" class=\"alignnone size-full wp-image-17835\" src=\"https:\/\/www.culmia.com\/wp-content\/uploads\/2025\/09\/th_Imagenes-NDP-28.jpg\" alt=\"\" width=\"1920\" height=\"905\" title=\"\" srcset=\"https:\/\/www.culmia.com\/wp-content\/uploads\/2025\/09\/th_Imagenes-NDP-28-200x94.jpg 200w, https:\/\/www.culmia.com\/wp-content\/uploads\/2025\/09\/th_Imagenes-NDP-28-300x141.jpg 300w, https:\/\/www.culmia.com\/wp-content\/uploads\/2025\/09\/th_Imagenes-NDP-28-400x189.jpg 400w, https:\/\/www.culmia.com\/wp-content\/uploads\/2025\/09\/th_Imagenes-NDP-28-600x283.jpg 600w, https:\/\/www.culmia.com\/wp-content\/uploads\/2025\/09\/th_Imagenes-NDP-28-768x362.jpg 768w, https:\/\/www.culmia.com\/wp-content\/uploads\/2025\/09\/th_Imagenes-NDP-28-800x377.jpg 800w, https:\/\/www.culmia.com\/wp-content\/uploads\/2025\/09\/th_Imagenes-NDP-28-1024x483.jpg 1024w, https:\/\/www.culmia.com\/wp-content\/uploads\/2025\/09\/th_Imagenes-NDP-28-1200x566.jpg 1200w, https:\/\/www.culmia.com\/wp-content\/uploads\/2025\/09\/th_Imagenes-NDP-28-1536x724.jpg 1536w, https:\/\/www.culmia.com\/wp-content\/uploads\/2025\/09\/th_Imagenes-NDP-28.jpg 1920w\" sizes=\"(max-width: 1920px) 100vw, 1920px\" \/><\/p> <p>Culmia ha tenido el honor de participar en la V Gran Jornada Inmobiliaria organizada por <em data-start=\"415\" data-end=\"429\">elEconomista<\/em>, un encuentro de referencia para el sector que se ha consolidado como un espacio clave para reflexionar sobre el presente y el futuro del negocio promotor en nuestro pa\u00eds. La jornada ha reunido a destacados l\u00edderes empresariales e institucionales del \u00e1mbito inmobiliario con el objetivo de analizar los principales desaf\u00edos estructurales y las nuevas din\u00e1micas que est\u00e1n transformando la promoci\u00f3n residencial.<\/p> <p data-start=\"844\" data-end=\"1325\">Francisco P\u00e9rez Medina, CEO de Culmia, ha intervenido en la mesa redonda titulada\u00a0<em data-start=\"930\" data-end=\"1007\">\u201cEl futuro del negocio promotor en Espa\u00f1a: nuevas estructuras e inversores\u201d<\/em>, compartiendo su visi\u00f3n junto a Jorge P\u00e9rez de Leza Eguiguren, CEO de Metrovacesa; Borja Garc\u00eda-Egotxeaga, CEO de NEINOR HOMES; y Juan Antonio G\u00f3mez-Pintado Rodr\u00edguez de Segovia, presidente de V\u00cdA \u00c1GORA. La sesi\u00f3n ha sido moderada por Alba Brualla, directora del sector inmobiliario en\u00a0<em data-start=\"1310\" data-end=\"1324\">elEconomista<\/em>.<\/p> <p data-start=\"1327\" data-end=\"1582\">Durante el coloquio, se han abordado con profundidad los grandes retos que afronta el modelo promotor en Espa\u00f1a, as\u00ed como las oportunidades que ofrece una transformaci\u00f3n decidida del sector. Entre los temas m\u00e1s relevantes tratados en la mesa destacan:<\/p> <ul data-start=\"1584\" data-end=\"3057\"> <li data-start=\"1584\" data-end=\"1989\"> <p data-start=\"1586\" data-end=\"1989\">La transformaci\u00f3n del modelo promotor, que pasa por incorporar procesos de industrializaci\u00f3n, digitalizaci\u00f3n e innovaci\u00f3n tecnol\u00f3gica, con el objetivo de mejorar la eficiencia, reducir plazos y ofrecer soluciones m\u00e1s adaptadas a las necesidades reales de los ciudadanos. La orientaci\u00f3n al cliente final, y no solo al producto, se consolida como un pilar clave para seguir siendo competitivos.<\/p> <\/li> <li data-start=\"1991\" data-end=\"2326\"> <p data-start=\"1993\" data-end=\"2326\">El impacto del capital institucional, con especial atenci\u00f3n a c\u00f3mo la entrada de nuevos actores financieros est\u00e1 influyendo en las estrategias del sector. Se debati\u00f3 sobre los cambios en las estructuras de financiaci\u00f3n y los modelos de colaboraci\u00f3n p\u00fablico-privada necesarios para afrontar una demanda creciente y heterog\u00e9nea.<\/p> <\/li> <li data-start=\"2328\" data-end=\"2663\"> <p data-start=\"2330\" data-end=\"2663\">La gesti\u00f3n del suelo, uno de los principales cuellos de botella para el desarrollo de nueva vivienda. Los ponentes coincidieron en la necesidad urgente de una Ley del Suelo clara, \u00e1gil y adaptada a los nuevos tiempos, que permita dinamizar la oferta y reducir los plazos que actualmente dificultan el acceso a la vivienda.<\/p> <\/li> <li data-start=\"2665\" data-end=\"3057\"> <p data-start=\"2667\" data-end=\"3057\">La sostenibilidad y la integraci\u00f3n de criterios ESG, que se posicionan como elementos transversales en la estrategia de futuro del sector. Adem\u00e1s de las metodolog\u00edas constructivas innovadoras, se destac\u00f3 la importancia de medir el impacto social y medioambiental de las promociones, no solo desde una perspectiva regulatoria, sino tambi\u00e9n como compromiso con las nuevas generaciones.<\/p> <\/li> <\/ul> <p data-start=\"3059\" data-end=\"3298\">Este tipo de encuentros se revelan como imprescindibles para compartir experiencias, visiones y buenas pr\u00e1cticas, as\u00ed como para generar un debate constructivo entre los diferentes agentes que formamos parte del ecosistema inmobiliario.<\/p> <p data-start=\"3300\" data-end=\"3736\">Desde Culmia, reafirmamos nuestro compromiso con un modelo de promoci\u00f3n residencial m\u00e1s eficiente, inclusivo y sostenible, que est\u00e9 a la altura de los desaf\u00edos sociales, econ\u00f3micos y medioambientales que marcan nuestro tiempo. Apostamos por la innovaci\u00f3n, la colaboraci\u00f3n y la escucha activa como herramientas fundamentales para construir un sector m\u00e1s resiliente y con mayor capacidad de respuesta ante las demandas de la sociedad.<\/p> <p data-start=\"3738\" data-end=\"4001\">Agradecemos a\u00a0<em data-start=\"3755\" data-end=\"3769\">elEconomista<\/em>\u00a0por la organizaci\u00f3n de esta jornada y a todos los ponentes por sus valiosas aportaciones. Seguimos avanzando con la convicci\u00f3n de que el futuro de la vivienda en Espa\u00f1a pasa por una transformaci\u00f3n conjunta, responsable y ambiciosa.<\/p> <p>&nbsp;<\/p>","protected":false},"excerpt":{"rendered":"<p>Culmia ha tenido el honor de participar en la V &#8230;<\/p>\n","protected":false},"author":15,"featured_media":17835,"comment_status":"open","ping_status":"open","sticky":false,"template":"","format":"standard","meta":{"_acf_changed":false,"footnotes":""},"categories":[121,1306],"tags":[],"class_list":["post-17834","post","type-post","status-publish","format-standard","has-post-thumbnail","hentry","category-actualidad","category-culmia"],"acf":[],"_links":{"self":[{"href":"https:\/\/www.culmia.com\/es\/wp-json\/wp\/v2\/posts\/17834","targetHints":{"allow":["GET"]}}],"collection":[{"href":"https:\/\/www.culmia.com\/es\/wp-json\/wp\/v2\/posts"}],"about":[{"href":"https:\/\/www.culmia.com\/es\/wp-json\/wp\/v2\/types\/post"}],"author":[{"embeddable":true,"href":"https:\/\/www.culmia.com\/es\/wp-json\/wp\/v2\/users\/15"}],"replies":[{"embeddable":true,"href":"https:\/\/www.culmia.com\/es\/wp-json\/wp\/v2\/comments?post=17834"}],"version-history":[{"count":2,"href":"https:\/\/www.culmia.com\/es\/wp-json\/wp\/v2\/posts\/17834\/revisions"}],"predecessor-version":[{"id":17838,"href":"https:\/\/www.culmia.com\/es\/wp-json\/wp\/v2\/posts\/17834\/revisions\/17838"}],"wp:featuredmedia":[{"embeddable":true,"href":"https:\/\/www.culmia.com\/es\/wp-json\/wp\/v2\/media\/17835"}],"wp:attachment":[{"href":"https:\/\/www.culmia.com\/es\/wp-json\/wp\/v2\/media?parent=17834"}],"wp:term":[{"taxonomy":"category","embeddable":true,"href":"https:\/\/www.culmia.com\/es\/wp-json\/wp\/v2\/categories?post=17834"},{"taxonomy":"post_tag","embeddable":true,"href":"https:\/\/www.culmia.com\/es\/wp-json\/wp\/v2\/tags?post=17834"}],"curies":[{"name":"wp","href":"https:\/\/api.w.org\/{rel}","templated":true}]}}