{"id":17829,"date":"2025-06-10T10:34:29","date_gmt":"2025-06-10T08:34:29","guid":{"rendered":"https:\/\/culmia.dev.emood.es\/?p=17829"},"modified":"2026-04-21T12:27:09","modified_gmt":"2026-04-21T10:27:09","slug":"acuerdo-culmia-patron-capital","status":"publish","type":"post","link":"https:\/\/www.culmia.com\/es\/blog\/acuerdo-culmia-patron-capital\/","title":{"rendered":"Culmia alcanza un acuerdo de coinversi\u00f3n con Patron Capital"},"content":{"rendered":"<ul> <li>La alianza\u00a0<strong>refuerza el posicionamiento de Culmia en los principales desarrollos urban\u00edsticos del pa\u00eds<\/strong>, en este caso en el\u00a0<strong>Parc de l\u2019Alba,<\/strong>\u00a0entre los n\u00facleos urbanos de Cerdanyola del Vall\u00e9s y Sant Cugat del Vall\u00e9s.<\/li> <li>El acuerdo incluye, adem\u00e1s, la posibilidad de\u00a0<strong>seguir explorando nuevas v\u00edas de colaboraci\u00f3n en desarrollos residenciales<\/strong>\u00a0que puedan ser de inter\u00e9s para ambas compa\u00f1\u00edas.<\/li> <li>El proyecto consiste en\u00a0<strong>dos promociones, de 66 y 102 viviendas<\/strong>\u00a0respectivamente, cuyo precio inicial comienza a partir de los 293.000 euros.<\/li> <\/ul> <p><img decoding=\"async\" class=\"alignnone size-full wp-image-17830\" src=\"https:\/\/www.culmia.com\/wp-content\/uploads\/2025\/09\/th_Imagenes-NDP-22.jpg\" alt=\"\" width=\"1920\" height=\"905\" title=\"\" srcset=\"https:\/\/www.culmia.com\/wp-content\/uploads\/2025\/09\/th_Imagenes-NDP-22-200x94.jpg 200w, https:\/\/www.culmia.com\/wp-content\/uploads\/2025\/09\/th_Imagenes-NDP-22-300x141.jpg 300w, https:\/\/www.culmia.com\/wp-content\/uploads\/2025\/09\/th_Imagenes-NDP-22-400x189.jpg 400w, https:\/\/www.culmia.com\/wp-content\/uploads\/2025\/09\/th_Imagenes-NDP-22-600x283.jpg 600w, https:\/\/www.culmia.com\/wp-content\/uploads\/2025\/09\/th_Imagenes-NDP-22-768x362.jpg 768w, https:\/\/www.culmia.com\/wp-content\/uploads\/2025\/09\/th_Imagenes-NDP-22-800x377.jpg 800w, https:\/\/www.culmia.com\/wp-content\/uploads\/2025\/09\/th_Imagenes-NDP-22-1024x483.jpg 1024w, https:\/\/www.culmia.com\/wp-content\/uploads\/2025\/09\/th_Imagenes-NDP-22-1200x566.jpg 1200w, https:\/\/www.culmia.com\/wp-content\/uploads\/2025\/09\/th_Imagenes-NDP-22-1536x724.jpg 1536w, https:\/\/www.culmia.com\/wp-content\/uploads\/2025\/09\/th_Imagenes-NDP-22.jpg 1920w\" sizes=\"(max-width: 1920px) 100vw, 1920px\" \/><\/p> <p><strong>11 de junio de 2025<\/strong>\u00a0-\u00a0<strong>Culmia<\/strong>, la plataforma inmobiliaria que integra todas las soluciones de vivienda del mercado,<strong>\u00a0ha firmado un acuerdo de coinversi\u00f3n con Patron Capital para desarrollar dos promociones con un total de 168\u00a0<a href=\"https:\/\/www.culmia.com\/es\/promociones\/barcelona\/cerdanyola-del-valles\/culmia-xaloc-parc-de-l-alba\">viviendas en el Parc de l\u2019Alba<\/a><\/strong>, uno de los principales desarrollos urban\u00edsticos del pa\u00eds ubicado en\u00a0<strong>Cerdanyola del Vall\u00e9s y junto a Sant Cugat,<\/strong>\u00a0en la provincia de Barcelona. Ambas compa\u00f1\u00edas han constituido una joint venture, por la que Culmia lleva a cabo la aportaci\u00f3n inicial de suelo y act\u00faa como\u00a0<strong>socio gestor en la promoci\u00f3n delegada<\/strong>, encarg\u00e1ndose de supervisar el dise\u00f1o, la construcci\u00f3n y la comercializaci\u00f3n del proyecto.<\/p> <p>El acuerdo incluye, adem\u00e1s, la posibilidad de\u00a0<strong>seguir explorando nuevas v\u00edas de colaboraci\u00f3n a largo plazo en desarrollos residenciales en Espa\u00f1a<\/strong>\u00a0que puedan ser de inter\u00e9s para ambas compa\u00f1\u00edas. De hecho, esta alianza tambi\u00e9n da opci\u00f3n a incorporar dos parcelas adicionales del mismo \u00e1mbito al veh\u00edculo a futuro.<\/p> <p>Este acuerdo\u00a0<strong>se suma a la reciente operaci\u00f3n anunciada con Alterna Consulting<\/strong>, que contempla el desarrollo de 10 viviendas unifamiliares en La Solana de La Moraleja de Madrid, y supone un nuevo hito en su apuesta por la f\u00f3rmula de coinversi\u00f3n de la mano de socios de reconocido prestigio y solvencia, con amplia trayectoria en el sector.<\/p> <p><strong>Patron Capital es un fondo brit\u00e1nico con inversiones en el sector inmobiliario en toda Europa<\/strong>, con una cartera que abarca numerosos pa\u00edses y activos. Para la compa\u00f1\u00eda, esta alianza de coinversi\u00f3n supone reforzar nuestra presencia en el mercado inmobiliario espa\u00f1ol y, en particular, en uno de los mercados m\u00e1s din\u00e1micos del pa\u00eds como es Catalu\u00f1a.<\/p> <p>El proyecto\u00a0<strong>comprende el desarrollo de dos promociones<\/strong>, de 66 y 102 viviendas respectivamente, ubicadas en el\u00a0<strong>sector Parc de l\u2019Alba<\/strong>. Las viviendas, tendr\u00e1n desde uno\u00a0a cuatro dormitorios, una piscina comunitaria y tendr\u00e1n un precio a partir de los 293.000 euros.<\/p> <p><a href=\"https:\/\/www.culmia.com\/wp-content\/uploads\/2025\/06\/20250611_NdP.Culmia-alcanza-un-acuerdo-de-coinversion-con-Patron-Capital.pdf\" target=\"_blank\" rel=\"noopener\">Descarga la noticia<\/a><\/p>","protected":false},"excerpt":{"rendered":"<p>La alianza\u00a0refuerza el posicionamiento de Culmia en los principales desarrollos &#8230;<\/p>\n","protected":false},"author":15,"featured_media":17830,"comment_status":"open","ping_status":"open","sticky":false,"template":"","format":"standard","meta":{"_acf_changed":false,"footnotes":""},"categories":[121,1306],"tags":[],"class_list":["post-17829","post","type-post","status-publish","format-standard","has-post-thumbnail","hentry","category-actualidad","category-culmia"],"acf":[],"_links":{"self":[{"href":"https:\/\/www.culmia.com\/es\/wp-json\/wp\/v2\/posts\/17829","targetHints":{"allow":["GET"]}}],"collection":[{"href":"https:\/\/www.culmia.com\/es\/wp-json\/wp\/v2\/posts"}],"about":[{"href":"https:\/\/www.culmia.com\/es\/wp-json\/wp\/v2\/types\/post"}],"author":[{"embeddable":true,"href":"https:\/\/www.culmia.com\/es\/wp-json\/wp\/v2\/users\/15"}],"replies":[{"embeddable":true,"href":"https:\/\/www.culmia.com\/es\/wp-json\/wp\/v2\/comments?post=17829"}],"version-history":[{"count":3,"href":"https:\/\/www.culmia.com\/es\/wp-json\/wp\/v2\/posts\/17829\/revisions"}],"predecessor-version":[{"id":25538,"href":"https:\/\/www.culmia.com\/es\/wp-json\/wp\/v2\/posts\/17829\/revisions\/25538"}],"wp:featuredmedia":[{"embeddable":true,"href":"https:\/\/www.culmia.com\/es\/wp-json\/wp\/v2\/media\/17830"}],"wp:attachment":[{"href":"https:\/\/www.culmia.com\/es\/wp-json\/wp\/v2\/media?parent=17829"}],"wp:term":[{"taxonomy":"category","embeddable":true,"href":"https:\/\/www.culmia.com\/es\/wp-json\/wp\/v2\/categories?post=17829"},{"taxonomy":"post_tag","embeddable":true,"href":"https:\/\/www.culmia.com\/es\/wp-json\/wp\/v2\/tags?post=17829"}],"curies":[{"name":"wp","href":"https:\/\/api.w.org\/{rel}","templated":true}]}}