{"id":17822,"date":"2025-06-10T10:33:05","date_gmt":"2025-06-10T08:33:05","guid":{"rendered":"https:\/\/culmia.dev.emood.es\/?p=17822"},"modified":"2025-09-23T16:59:18","modified_gmt":"2025-09-23T14:59:18","slug":"culmia-entrega-sus-i-premios-de-arquitectura-culmiarq","status":"publish","type":"post","link":"https:\/\/www.culmia.com\/es\/blog\/culmia-entrega-sus-i-premios-de-arquitectura-culmiarq\/","title":{"rendered":"Culmia entrega sus I Premios de Arquitectura: CulmiARQ"},"content":{"rendered":"<ul> <li>Los <strong>premios fomentan la creatividad y el dise\u00f1o en la arquitectura<\/strong>\u00a0y premian proyectos innovadores en materia de vivienda colectiva y sostenibilidad.<\/li> <\/ul> <ul> <li>E<strong>l proyecto \u201cInfinito Adaptable\u201d ha sido el ganador de esta primera edici\u00f3n<\/strong>. La propuesta, a partir de la disposici\u00f3n estrat\u00e9gica de estructura, instalaciones y servicios, propone la mezcla de programas y facilita la flexibilidad de usos en todos los \u00e1mbitos del edificio.<\/li> <\/ul> <ul> <li>El jurado, presidido por Francisco P\u00e9rez, CEO de Culmia, est\u00e1 compuesto por\u00a0<strong>reconocidas personalidades de la arquitectura, la sostenibilidad y del sector inmobiliario.<\/strong><\/li> <\/ul> <p><img decoding=\"async\" class=\"alignnone size-full wp-image-17823\" src=\"https:\/\/www.culmia.com\/wp-content\/uploads\/2025\/09\/th_Imagenes-NDP-23.jpg\" alt=\"\" width=\"1920\" height=\"905\" title=\"\" srcset=\"https:\/\/www.culmia.com\/wp-content\/uploads\/2025\/09\/th_Imagenes-NDP-23-200x94.jpg 200w, https:\/\/www.culmia.com\/wp-content\/uploads\/2025\/09\/th_Imagenes-NDP-23-300x141.jpg 300w, https:\/\/www.culmia.com\/wp-content\/uploads\/2025\/09\/th_Imagenes-NDP-23-400x189.jpg 400w, https:\/\/www.culmia.com\/wp-content\/uploads\/2025\/09\/th_Imagenes-NDP-23-600x283.jpg 600w, https:\/\/www.culmia.com\/wp-content\/uploads\/2025\/09\/th_Imagenes-NDP-23-768x362.jpg 768w, https:\/\/www.culmia.com\/wp-content\/uploads\/2025\/09\/th_Imagenes-NDP-23-800x377.jpg 800w, https:\/\/www.culmia.com\/wp-content\/uploads\/2025\/09\/th_Imagenes-NDP-23-1024x483.jpg 1024w, https:\/\/www.culmia.com\/wp-content\/uploads\/2025\/09\/th_Imagenes-NDP-23-1200x566.jpg 1200w, https:\/\/www.culmia.com\/wp-content\/uploads\/2025\/09\/th_Imagenes-NDP-23-1536x724.jpg 1536w, https:\/\/www.culmia.com\/wp-content\/uploads\/2025\/09\/th_Imagenes-NDP-23.jpg 1920w\" sizes=\"(max-width: 1920px) 100vw, 1920px\" \/><\/p> <p><strong>11 de junio de 2025<\/strong>-\u00a0<strong>Culmia<\/strong>, la plataforma inmobiliaria que concentra \u00edntegramente las soluciones de vivienda del mercado,\u00a0<strong>ha entregado sus I Premios de Arquitectura: CulmiARQ.<\/strong>\u00a0El\u00a0<strong>proyecto ganador de esta primera edici\u00f3n ha sido \u201cInfinito Adaptable\u201d<\/strong>\u00a0de los arquitectos Jos\u00e9 Dur\u00e1n Fern\u00e1ndez y Daniel Moreno Ruiz. La propuesta ha sido reconocida por la\u00a0<strong>innovadora reflexi\u00f3n que plantea en torno a las tipolog\u00edas de vivienda y los espacios habitables<\/strong>\u00a0que sean capaces de dar respuesta a las nuevas formas de vivir y trabajar.<\/p> <p>A partir de la implantaci\u00f3n razonada de un sistema estructural y de disposici\u00f3n de instalaciones y servicios, la propuesta, que plantea la mezcla de programas y facilita la flexibilidad de usos de todos los \u00e1mbitos del edificio,<strong>\u00a0afronta con capacidad de innovaci\u00f3n los retos de futuro de la vivienda colectiva<\/strong>. Aunque el ejercicio que se realiza es te\u00f3rico, destaca por su capacidad de adaptaci\u00f3n a distintos emplazamientos, programas y materialidades.<\/p> <p>En l\u00ednea con su<strong>\u00a0apuesta por la arquitectura, la innovaci\u00f3n y la sostenibilidad,<\/strong>\u00a0Culmia lanza estos premios para fomentar la creatividad y el dise\u00f1o en el sector de la arquitectura residencial. As\u00ed, busca reconocer iniciativas arquitect\u00f3nicas que se alineen con las nuevas tendencias del hogar, seg\u00fan se desprende de su\u00a0<strong>informe \u2018<a href=\"https:\/\/www.culmia.com\/es\/actualidad\/tendencias-futuro-vivienda-2030\">Macrotendencias en torno a la vivienda 2023-2030\u2019<\/a><\/strong>\u00a0junto a la consultora A Piece of Pie, y que respondan asimismo a las nuevas demandas habitacionales.<\/p> <p>El<strong>\u00a0jurado, presidido por Francisco P\u00e9rez, CEO de Culmia, est\u00e1 compuesto por reconocidas personalidades del sector inmobiliario<\/strong>, la arquitectura y la sostenibilidad. En su comit\u00e9 se encuentran expertos como C\u00e9sar Fr\u00edas, fundador de Morph Estudio; Ferm\u00edn V\u00e1zquez, socio fundador de b720; Enric Batlle, socio fundador de Batlleiroig; Camila Aybar, socia fundadora de Aybar-Mateos Arquitectos; Jos\u00e9 Toral, socio fundador de Peris+Toral Arquitectes; Sonia Hern\u00e1ndez, fundadora de Arquitectura Sana, y Anna Llonch, cofundadora de Cierto Estudio.<\/p> <p>Durante la ceremonia se han distinguido con una<strong>\u00a0menci\u00f3n los proyectos \u201cKoinon\u00eda\u201d y \u201cPulm\u00f3n Comunitario\u201d<\/strong>. Del primero, el Jurado ha destacado el trabajo realizado a las escalas tanto urbana como tipol\u00f3gica, y del segundo ha valorado la capacidad de abordar de forma detallada aspectos relevantes como la mezcla de usos, la flexibilidad de los espacios y la relaci\u00f3n entre lo particular y lo colectivo.<\/p> <p>Asimismo, se ha destacado el trabajo de los dem\u00e1s proyectos finalistas, \u201cColismo\u201d, \u201cDiacron\u00eda\u201d y \u201cHashtag\u201d, que han demostrado un alto nivel de calidad, creatividad y reflexi\u00f3n.<\/p> <p>En palabras de Francisco P\u00e9rez, CEO de Culmia: \u201cCon la celebraci\u00f3n de estos premios r<strong>econocemos el talento y la visi\u00f3n de quienes est\u00e1n imaginando la vivienda del ma\u00f1ana.<\/strong>\u00a0Los proyectos presentados han demostrado un alto nivel de innovaci\u00f3n y compromiso con los retos que plantean las nuevas formas de vivir. Quiero dar mi m\u00e1s sincera enhorabuena a todos los participantes, porque con sus propuestas han contribuido a enriquecer el debate arquitect\u00f3nico y a impulsar soluciones que miran hacia un futuro m\u00e1s sostenible, flexible e inclusivo\u201d.<\/p> <p>En la gala, el proyecto ganador \u201cInfinito Adaptable\u201d\u00a0<strong>ha recibido un premio econ\u00f3mico de 10.000 euros<\/strong>, mientras que cada uno de los proyectos finalistas ha sido premiado con 2.000 euros.<\/p> <p><a href=\"https:\/\/www.culmia.com\/wp-content\/uploads\/2025\/09\/20250611_NdP_Culmia_Premios-CulmiARQ.pdf\" target=\"_blank\" rel=\"noopener\">Descarga la noticia<\/a><\/p>","protected":false},"excerpt":{"rendered":"<p>Los premios fomentan la creatividad y el dise\u00f1o en la &#8230;<\/p>\n","protected":false},"author":15,"featured_media":17823,"comment_status":"open","ping_status":"open","sticky":false,"template":"","format":"standard","meta":{"_acf_changed":false,"footnotes":""},"categories":[121,1306],"tags":[],"class_list":["post-17822","post","type-post","status-publish","format-standard","has-post-thumbnail","hentry","category-actualidad","category-culmia"],"acf":[],"_links":{"self":[{"href":"https:\/\/www.culmia.com\/es\/wp-json\/wp\/v2\/posts\/17822","targetHints":{"allow":["GET"]}}],"collection":[{"href":"https:\/\/www.culmia.com\/es\/wp-json\/wp\/v2\/posts"}],"about":[{"href":"https:\/\/www.culmia.com\/es\/wp-json\/wp\/v2\/types\/post"}],"author":[{"embeddable":true,"href":"https:\/\/www.culmia.com\/es\/wp-json\/wp\/v2\/users\/15"}],"replies":[{"embeddable":true,"href":"https:\/\/www.culmia.com\/es\/wp-json\/wp\/v2\/comments?post=17822"}],"version-history":[{"count":5,"href":"https:\/\/www.culmia.com\/es\/wp-json\/wp\/v2\/posts\/17822\/revisions"}],"predecessor-version":[{"id":25536,"href":"https:\/\/www.culmia.com\/es\/wp-json\/wp\/v2\/posts\/17822\/revisions\/25536"}],"wp:featuredmedia":[{"embeddable":true,"href":"https:\/\/www.culmia.com\/es\/wp-json\/wp\/v2\/media\/17823"}],"wp:attachment":[{"href":"https:\/\/www.culmia.com\/es\/wp-json\/wp\/v2\/media?parent=17822"}],"wp:term":[{"taxonomy":"category","embeddable":true,"href":"https:\/\/www.culmia.com\/es\/wp-json\/wp\/v2\/categories?post=17822"},{"taxonomy":"post_tag","embeddable":true,"href":"https:\/\/www.culmia.com\/es\/wp-json\/wp\/v2\/tags?post=17822"}],"curies":[{"name":"wp","href":"https:\/\/api.w.org\/{rel}","templated":true}]}}