{"id":17817,"date":"2025-06-11T10:32:07","date_gmt":"2025-06-11T08:32:07","guid":{"rendered":"https:\/\/culmia.dev.emood.es\/?p=17817"},"modified":"2025-09-11T10:32:59","modified_gmt":"2025-09-11T08:32:59","slug":"culmia-celebra-una-nueva-edicion-del-dia-de-las-empresas-con-los-alumnos-del-grado-inmobiliario-upm","status":"publish","type":"post","link":"https:\/\/www.culmia.com\/es\/blog\/culmia-celebra-una-nueva-edicion-del-dia-de-las-empresas-con-los-alumnos-del-grado-inmobiliario-upm\/","title":{"rendered":"Culmia celebra una nueva edici\u00f3n del D\u00eda de las Empresas con los alumnos del Grado Inmobiliario UPM"},"content":{"rendered":"<p><img decoding=\"async\" class=\"alignnone size-full wp-image-17818\" src=\"https:\/\/www.culmia.com\/wp-content\/uploads\/2025\/09\/th_Imagenes-NDP-25.jpg\" alt=\"\" width=\"1920\" height=\"905\" title=\"\" srcset=\"https:\/\/www.culmia.com\/wp-content\/uploads\/2025\/09\/th_Imagenes-NDP-25-200x94.jpg 200w, https:\/\/www.culmia.com\/wp-content\/uploads\/2025\/09\/th_Imagenes-NDP-25-300x141.jpg 300w, https:\/\/www.culmia.com\/wp-content\/uploads\/2025\/09\/th_Imagenes-NDP-25-400x189.jpg 400w, https:\/\/www.culmia.com\/wp-content\/uploads\/2025\/09\/th_Imagenes-NDP-25-600x283.jpg 600w, https:\/\/www.culmia.com\/wp-content\/uploads\/2025\/09\/th_Imagenes-NDP-25-768x362.jpg 768w, https:\/\/www.culmia.com\/wp-content\/uploads\/2025\/09\/th_Imagenes-NDP-25-800x377.jpg 800w, https:\/\/www.culmia.com\/wp-content\/uploads\/2025\/09\/th_Imagenes-NDP-25-1024x483.jpg 1024w, https:\/\/www.culmia.com\/wp-content\/uploads\/2025\/09\/th_Imagenes-NDP-25-1200x566.jpg 1200w, https:\/\/www.culmia.com\/wp-content\/uploads\/2025\/09\/th_Imagenes-NDP-25-1536x724.jpg 1536w, https:\/\/www.culmia.com\/wp-content\/uploads\/2025\/09\/th_Imagenes-NDP-25.jpg 1920w\" sizes=\"(max-width: 1920px) 100vw, 1920px\" \/><\/p> <p><strong>11 de junio de 2025<\/strong> \u2013 Culmia, la plataforma inmobiliaria que concentra \u00edntegramente las soluciones de vivienda del mercado, ha celebrado una edici\u00f3n m\u00e1s del D\u00eda de las Empresas junto a los alumnos del Grado Inmobiliario UPM. Una jornada marcada por la creatividad, la innovaci\u00f3n y el talento joven, que tuvo lugar en las oficinas de Culmia bajo el lema \u201cNo es ver lo que todav\u00eda nadie ha visto, es pensar lo que nadie ha pensado sobre aquello que todos ven\u201d y que permiti\u00f3 conectar con las nuevas generaciones del sector y reflexionar conjuntamente sobre c\u00f3mo construir un futuro diferente para la industria inmobiliaria.<\/p> <p>Durante la jornada, los alumnos pudieron escuchar a\u00a0<strong>antiguos estudiantes del Grado Inmobiliario UPM<\/strong>\u00a0y\u00a0<strong>actuales profesionales de Culmia<\/strong>, como Daniel Tobalo Casablanca, Juan Rubio y Jorge Herrero Lozano, quienes compartieron su experiencia y trayectoria dentro de la compa\u00f1\u00eda. A continuaci\u00f3n, el Comit\u00e9 de Direcci\u00f3n de Culmia \u2014formado por Cristina Ontoso, Juan Carlos Urbano, Almudena Corbella, Gema Mu\u00f1iz, Jaume Borr\u00e0s, Pablo M\u00e9ndez y Juan Manuel Borr\u00e1s\u2014 ofreci\u00f3 su visi\u00f3n sobre c\u00f3mo la\u00a0<strong>creatividad<\/strong>\u00a0y el\u00a0<strong>pensamiento innovador<\/strong>\u00a0se integran en cada\u00a0<strong>\u00e1rea de la empresa y su liderazgo<\/strong>.<\/p> <p>Nuria V\u00e1zquez Arag\u00f3n, Responsable de Personas y Organizaci\u00f3n, introdujo al grupo en los\u00a0<strong>fundamentos del m\u00e9todo DISC<\/strong>\u00a0a trav\u00e9s de una din\u00e1mica participativa enfocada en el conocimiento de fortalezas y estilos de trabajo en equipo. La jornada culmin\u00f3 en CasaClub Madrid con una actividad de team building muy especial: el Team Painting. Una propuesta colaborativa en la que los alumnos pintaron, por grupos, diferentes partes de una obra com\u00fan, demostrando que el trabajo en equipo y el pensamiento creativo pueden dar lugar a resultados \u00fanicos y llenos de significado. El d\u00eda finaliz\u00f3 con un c\u00f3ctel en el que alumnos y profesionales de Culmia compartieron impresiones, aprendizajes y reflexiones sobre lo vivido.<\/p> <p>Adem\u00e1s, en el marco de esta jornada, se anunci\u00f3 una noticia muy especial:\u00a0<strong>Francisco P\u00e9rez Medina<\/strong>, CEO de Culmia, ha sido nombrado\u00a0<strong>padrino de la Promoci\u00f3n 2025 del Grado Inmobiliario UPM<\/strong>. Un reconocimiento que refuerza el compromiso de Culmia con el impulso del talento joven y la formaci\u00f3n de los futuros l\u00edderes del sector. Ser padrino de la promoci\u00f3n implica acompa\u00f1ar, inspirar y compartir experiencias con los alumnos del Posgrado en Planificaci\u00f3n y Gesti\u00f3n Inmobiliaria (IX edici\u00f3n) y del Bootcamp Financiero Inmobiliario (III edici\u00f3n), programas clave en la preparaci\u00f3n del nuevo talento inmobiliario.<\/p> <p>Desde Culmia, continuamos tendiendo puentes entre el \u00e1mbito acad\u00e9mico y profesional para construir, juntos, un sector m\u00e1s s\u00f3lido, conectado y humano.<\/p>","protected":false},"excerpt":{"rendered":"<p>11 de junio de 2025 \u2013 Culmia, la plataforma inmobiliaria &#8230;<\/p>\n","protected":false},"author":15,"featured_media":17818,"comment_status":"open","ping_status":"open","sticky":false,"template":"","format":"standard","meta":{"_acf_changed":false,"footnotes":""},"categories":[121,1306],"tags":[],"class_list":["post-17817","post","type-post","status-publish","format-standard","has-post-thumbnail","hentry","category-actualidad","category-culmia"],"acf":[],"_links":{"self":[{"href":"https:\/\/www.culmia.com\/es\/wp-json\/wp\/v2\/posts\/17817","targetHints":{"allow":["GET"]}}],"collection":[{"href":"https:\/\/www.culmia.com\/es\/wp-json\/wp\/v2\/posts"}],"about":[{"href":"https:\/\/www.culmia.com\/es\/wp-json\/wp\/v2\/types\/post"}],"author":[{"embeddable":true,"href":"https:\/\/www.culmia.com\/es\/wp-json\/wp\/v2\/users\/15"}],"replies":[{"embeddable":true,"href":"https:\/\/www.culmia.com\/es\/wp-json\/wp\/v2\/comments?post=17817"}],"version-history":[{"count":2,"href":"https:\/\/www.culmia.com\/es\/wp-json\/wp\/v2\/posts\/17817\/revisions"}],"predecessor-version":[{"id":17821,"href":"https:\/\/www.culmia.com\/es\/wp-json\/wp\/v2\/posts\/17817\/revisions\/17821"}],"wp:featuredmedia":[{"embeddable":true,"href":"https:\/\/www.culmia.com\/es\/wp-json\/wp\/v2\/media\/17818"}],"wp:attachment":[{"href":"https:\/\/www.culmia.com\/es\/wp-json\/wp\/v2\/media?parent=17817"}],"wp:term":[{"taxonomy":"category","embeddable":true,"href":"https:\/\/www.culmia.com\/es\/wp-json\/wp\/v2\/categories?post=17817"},{"taxonomy":"post_tag","embeddable":true,"href":"https:\/\/www.culmia.com\/es\/wp-json\/wp\/v2\/tags?post=17817"}],"curies":[{"name":"wp","href":"https:\/\/api.w.org\/{rel}","templated":true}]}}