{"id":17795,"date":"2025-07-01T10:09:21","date_gmt":"2025-07-01T08:09:21","guid":{"rendered":"https:\/\/culmia.dev.emood.es\/?p=17795"},"modified":"2025-09-23T16:56:17","modified_gmt":"2025-09-23T14:56:17","slug":"culmia-invertira-50-millones-en-el-desarrollo-de-mas-de-12-200-m%c2%b2-en-valdecarros","status":"publish","type":"post","link":"https:\/\/www.culmia.com\/es\/blog\/culmia-invertira-50-millones-en-el-desarrollo-de-mas-de-12-200-m%c2%b2-en-valdecarros\/","title":{"rendered":"Culmia invertir\u00e1 50 millones en el desarrollo de m\u00e1s de 12.200 m\u00b2 en Valdecarros"},"content":{"rendered":"<ul> <li>\u00a0La parcela ha sido adjudicada mediante una\u00a0<strong>subasta promovida por la Junta de Compensaci\u00f3n del nuevo barrio de Madrid.<\/strong><\/li> <li>En concreto,\u00a0<strong>Culmia se hace con la parcela A 10.b de la etapa 3 de urbanizaci\u00f3n.<\/strong><\/li> <li>La promotora desarrollar\u00e1<strong>\u00a0134 viviendas con el objetivo de comercializarlas en el primer trimestre de 2026<\/strong>\u00a0y entregarlas a partir del segundo trimestre de 2029.<\/li> <\/ul> <p><img decoding=\"async\" class=\"alignnone size-full wp-image-17796\" src=\"https:\/\/www.culmia.com\/wp-content\/uploads\/2025\/09\/th_Imagenes-NDP-27.jpg\" alt=\"\" width=\"1920\" height=\"905\" title=\"\" srcset=\"https:\/\/www.culmia.com\/wp-content\/uploads\/2025\/09\/th_Imagenes-NDP-27-200x94.jpg 200w, https:\/\/www.culmia.com\/wp-content\/uploads\/2025\/09\/th_Imagenes-NDP-27-300x141.jpg 300w, https:\/\/www.culmia.com\/wp-content\/uploads\/2025\/09\/th_Imagenes-NDP-27-400x189.jpg 400w, https:\/\/www.culmia.com\/wp-content\/uploads\/2025\/09\/th_Imagenes-NDP-27-600x283.jpg 600w, https:\/\/www.culmia.com\/wp-content\/uploads\/2025\/09\/th_Imagenes-NDP-27-768x362.jpg 768w, https:\/\/www.culmia.com\/wp-content\/uploads\/2025\/09\/th_Imagenes-NDP-27-800x377.jpg 800w, https:\/\/www.culmia.com\/wp-content\/uploads\/2025\/09\/th_Imagenes-NDP-27-1024x483.jpg 1024w, https:\/\/www.culmia.com\/wp-content\/uploads\/2025\/09\/th_Imagenes-NDP-27-1200x566.jpg 1200w, https:\/\/www.culmia.com\/wp-content\/uploads\/2025\/09\/th_Imagenes-NDP-27-1536x724.jpg 1536w, https:\/\/www.culmia.com\/wp-content\/uploads\/2025\/09\/th_Imagenes-NDP-27.jpg 1920w\" sizes=\"(max-width: 1920px) 100vw, 1920px\" \/><\/p> <p>30 de junio de 2025-\u00a0<strong>Culmia<\/strong>, la plataforma inmobiliaria que concentra \u00edntegramente las soluciones de vivienda del mercado ha adquirido, mediante una subasta promovida por la Junta de Compensaci\u00f3n de Valdecarros, 12.216 m\u00b2 de edificabilidad, incluidos 300m\u00b2 de superficie comercial,<strong>\u00a0para desarrollar 134 viviendas en este nuevo barrio madrile\u00f1o.<\/strong><\/p> <p>Culmia se hace con la parcela A 10.b de la etapa 3 de urbanizaci\u00f3n de Valdecarros donde prev\u00e9 acometer un<strong>a inversi\u00f3n de 50 millones de euros<\/strong>.<\/p> <p>La compa\u00f1\u00eda levantar\u00e1\u00a0<strong>134 viviendas<\/strong>, las cuales prev\u00e9 que se comercialicen durante el primer trimestre de 2026 y se inicie la entrega a partir del segundo trimestre de 2029.<\/p> <p>\u201c<strong>La adquisici\u00f3n de suelo en Valdecarros<\/strong>\u00a0refuerza nuestra apuesta por Madrid y por el desarrollo de nuevas \u00e1reas urbanas bien conectadas, sostenibles y con un alto potencial de crecimiento. Esta operaci\u00f3n es una muestra m\u00e1s por avanzar en nuestro objetivo de ofrecer soluciones de vivienda adaptadas a las necesidades actuales y futuras de los ciudadanos\u201d, se\u00f1ala Pablo M\u00e9ndez, Director de Inversiones y Gesti\u00f3n de Suelo de Culmia.<\/p> <p>Con esta compra,<strong>\u00a0Culmia refuerza su compromiso con los desarrollos m\u00e1s importantes del Sureste de Madrid<\/strong>\u00a0ya que la compa\u00f1\u00eda ya est\u00e1 presente en esta zona mediante su posici\u00f3n en Berrocales y Ahijones gracias al proyecto de vivienda asequible de Plan Suma, promovido por la EMVS.<\/p> <p>Sumado a ello,\u00a0<strong>Culmia tambi\u00e9n cuenta con suelo en otros de los m\u00e1s importantes desarrollos urban\u00edsticos de la Comunidad Madrid<\/strong>. En Retamar de la Huerta, ubicado en Alcorc\u00f3n, la promotora ha adquirido\u00a0<strong>ocho parcelas que representan 23.000 metros cuadrados de edificabilidad y 222 viviendas.<\/strong>\u00a0En Solana de La Moraleja de Madrid ha firmado una alianza de coinversi\u00f3n con Alterna Consulting para el desarrollo de un\u00a0proyecto de 10 viviendas unifamiliares premium,\u00a0<strong>Culmia Virere<\/strong>\u00a0Quetzal; asimismo tambi\u00e9n cuenta con suelo para desarrollar otras 73 viviendas plurifamiliares,\u00a0<strong>la denominada promoci\u00f3n\u00a0<a href=\"https:\/\/culmiavirere.com\/promocion-aqua\/\" rel=\"nofollow noopener\" target=\"_blank\">Culmia Virere Aqua<\/a><\/strong>. En ARPO, en Pozuelo de\u00a0<strong>Alarc\u00f3n<\/strong>, la promotora dispone de aproximadamente<strong>\u00a060.000 m\u00b2 para el desarrollo de 475 viviendas.<\/strong>\u00a0Y en Valgrande, en Alcobendas, Culmia es titular de aproximadamente 150.000 m\u00b2 deedificabilidad residencial para el desarrollo de 10 promociones y 1.200 viviendas.<\/p> <p>Desde 2013, Culmia ha entregado m\u00e1s de 8.000 viviendas en m\u00e1s de 126 promociones en toda Espa\u00f1a.<\/p> <p>Te recomendamos leer esta nota de prensa escuchando nuestra playlist\u00a0<a href=\"https:\/\/open.spotify.com\/playlist\/4cV5fuilfN3bE0spMAzutI?si=IQQri0ABSr2FoD8LUkCi0w\" rel=\"nofollow noopener\" target=\"_blank\">\u2018Destino, Comunidad de Madrid\u2019.<\/a><\/p> <p><a href=\"https:\/\/www.culmia.com\/wp-content\/uploads\/2025\/07\/20250630_NdP_Culmia_Valdecarros.pdf\" target=\"_blank\" rel=\"noopener\">Descarga la noticia<\/a><\/p>","protected":false},"excerpt":{"rendered":"<p>\u00a0La parcela ha sido adjudicada mediante una\u00a0subasta promovida por la &#8230;<\/p>\n","protected":false},"author":15,"featured_media":17796,"comment_status":"open","ping_status":"open","sticky":false,"template":"","format":"standard","meta":{"_acf_changed":false,"footnotes":""},"categories":[1306,121],"tags":[],"class_list":["post-17795","post","type-post","status-publish","format-standard","has-post-thumbnail","hentry","category-culmia","category-actualidad"],"acf":[],"_links":{"self":[{"href":"https:\/\/www.culmia.com\/es\/wp-json\/wp\/v2\/posts\/17795","targetHints":{"allow":["GET"]}}],"collection":[{"href":"https:\/\/www.culmia.com\/es\/wp-json\/wp\/v2\/posts"}],"about":[{"href":"https:\/\/www.culmia.com\/es\/wp-json\/wp\/v2\/types\/post"}],"author":[{"embeddable":true,"href":"https:\/\/www.culmia.com\/es\/wp-json\/wp\/v2\/users\/15"}],"replies":[{"embeddable":true,"href":"https:\/\/www.culmia.com\/es\/wp-json\/wp\/v2\/comments?post=17795"}],"version-history":[{"count":4,"href":"https:\/\/www.culmia.com\/es\/wp-json\/wp\/v2\/posts\/17795\/revisions"}],"predecessor-version":[{"id":25532,"href":"https:\/\/www.culmia.com\/es\/wp-json\/wp\/v2\/posts\/17795\/revisions\/25532"}],"wp:featuredmedia":[{"embeddable":true,"href":"https:\/\/www.culmia.com\/es\/wp-json\/wp\/v2\/media\/17796"}],"wp:attachment":[{"href":"https:\/\/www.culmia.com\/es\/wp-json\/wp\/v2\/media?parent=17795"}],"wp:term":[{"taxonomy":"category","embeddable":true,"href":"https:\/\/www.culmia.com\/es\/wp-json\/wp\/v2\/categories?post=17795"},{"taxonomy":"post_tag","embeddable":true,"href":"https:\/\/www.culmia.com\/es\/wp-json\/wp\/v2\/tags?post=17795"}],"curies":[{"name":"wp","href":"https:\/\/api.w.org\/{rel}","templated":true}]}}