{"id":17780,"date":"2025-07-21T09:57:54","date_gmt":"2025-07-21T07:57:54","guid":{"rendered":"https:\/\/culmia.dev.emood.es\/?p=17780"},"modified":"2025-09-23T16:53:08","modified_gmt":"2025-09-23T14:53:08","slug":"culmia-entrega-su-promocion-el-forti-de-denia-en-alicante","status":"publish","type":"post","link":"https:\/\/www.culmia.com\/es\/blog\/culmia-entrega-su-promocion-el-forti-de-denia-en-alicante\/","title":{"rendered":"Culmia entrega su promoci\u00f3n El Fort\u00ed de Denia, en Alicante"},"content":{"rendered":"<ul> <li>El conjunto residencial cuenta con un total de 35 viviendas de 2 y 3 dormitorios, con amplias terrazas y 35 plazas de garaje y trasteros en el s\u00f3tano.<\/li> <li>La promoci\u00f3n dispone de una piscina comunitaria con zona de sol\u00e1rium a disposici\u00f3n de todos los vecinos.<\/li> <li>Culmia El Fort\u00ed de Denia cuenta con calificaci\u00f3n energ\u00e9tica B.<\/li> <\/ul> <p><img decoding=\"async\" class=\"alignnone size-full wp-image-17781\" src=\"https:\/\/www.culmia.com\/wp-content\/uploads\/2025\/09\/th_Imagenes-NDP-31.jpg\" alt=\"\" width=\"1920\" height=\"905\" title=\"\" srcset=\"https:\/\/www.culmia.com\/wp-content\/uploads\/2025\/09\/th_Imagenes-NDP-31-200x94.jpg 200w, https:\/\/www.culmia.com\/wp-content\/uploads\/2025\/09\/th_Imagenes-NDP-31-300x141.jpg 300w, https:\/\/www.culmia.com\/wp-content\/uploads\/2025\/09\/th_Imagenes-NDP-31-400x189.jpg 400w, https:\/\/www.culmia.com\/wp-content\/uploads\/2025\/09\/th_Imagenes-NDP-31-600x283.jpg 600w, https:\/\/www.culmia.com\/wp-content\/uploads\/2025\/09\/th_Imagenes-NDP-31-768x362.jpg 768w, https:\/\/www.culmia.com\/wp-content\/uploads\/2025\/09\/th_Imagenes-NDP-31-800x377.jpg 800w, https:\/\/www.culmia.com\/wp-content\/uploads\/2025\/09\/th_Imagenes-NDP-31-1024x483.jpg 1024w, https:\/\/www.culmia.com\/wp-content\/uploads\/2025\/09\/th_Imagenes-NDP-31-1200x566.jpg 1200w, https:\/\/www.culmia.com\/wp-content\/uploads\/2025\/09\/th_Imagenes-NDP-31-1536x724.jpg 1536w, https:\/\/www.culmia.com\/wp-content\/uploads\/2025\/09\/th_Imagenes-NDP-31.jpg 1920w\" sizes=\"(max-width: 1920px) 100vw, 1920px\" \/><\/p> <p><strong>17 de julio de 2025-<\/strong>\u00a0Culmia, la plataforma inmobiliaria que concentra \u00edntegramente las soluciones de vivienda del mercado, entrega su promoci\u00f3n\u00a0<strong>El Fort\u00ed en Denia<\/strong>, en\u00a0<strong>Alicante<\/strong>. La promoci\u00f3n dispone de un total de 35 viviendas de 2 y 3 dormitorios, y adem\u00e1s ofrece 35 plazas de garaje y trasteros en la planta s\u00f3tano.<\/p> <p>El conjunto residencial cuenta con una\u00a0<strong>piscina comunitaria con zona de sol\u00e1rium<\/strong>. Sus viviendas, que cuentan con una superficie que oscila entre los\u00a0<strong>81 m\u00b2 y 101 m\u00b2<\/strong>, disponen de\u00a0<strong>amplias terrazas<\/strong>\u00a0que permiten la entrada de luz natural a trav\u00e9s de sus grandes ventanales.<\/p> <p><strong>Culmia El Fort\u00ed de Denia<\/strong>\u00a0cuenta con\u00a0<strong>calificaci\u00f3n energ\u00e9tica B,<\/strong>\u00a0tanto en consumo de energ\u00eda como en emisiones. La promoci\u00f3n ha sido dise\u00f1ada con un\u00a0<strong>sistema de aislamiento de la fachada<\/strong>\u00a0para evitar la p\u00e9rdida o el aumento de la temperatura en el interior. Asimismo, el\u00a0<strong>doble acristalamiento<\/strong>\u00a0con c\u00e1mara de aire asegura el aislamiento tanto t\u00e9rmico como ac\u00fastico. Sumado a todo esto, las viviendas cuentan con su propia\u00a0<strong>aerotermia individual<\/strong>\u00a0para la producci\u00f3n de agua caliente sanitaria.<\/p> <p>La promoci\u00f3n est\u00e1 situada en el\u00a0<strong>casco urbano de Denia<\/strong>, con vistas al Montg\u00f3, siendo una de las zonas m\u00e1s atractivas del \u00e1rea y un referente tur\u00edstico en la costa de Alicante. En concreto, el edificio est\u00e1 situado a dos minutos andando de la\u00a0<strong>estaci\u00f3n de tranv\u00eda<\/strong>, a cinco del\u00a0<strong>Club N\u00e1utico<\/strong>\u00a0y del\u00a0<strong>Puerto<\/strong>\u00a0y a menos de diez de las\u00a0<strong>playas de Denia<\/strong>.<\/p> <p>Adem\u00e1s, la zona ofrece todos los servicios necesarios como restaurantes, supermercados, colegios o centros sanitarios, garantizando el m\u00e1ximo confort para los residentes.<\/p> <p>En palabras de\u00a0<strong>Jaume Borr\u00e0s<\/strong>, Director de Negocio de Culmia, \u201cla entrega de Culmia El Fort\u00ed de Denia representa la culminaci\u00f3n de un proyecto pensado para ofrecer calidad de vida tanto a quienes buscan su primera vivienda como a aquellos que quieren un segundo hogar para sus vacaciones. La promoci\u00f3n combina una ubicaci\u00f3n privilegiada\u00a0con un entorno tranquilo y cercano al mar, ofreciendo un equilibrio perfecto entre dise\u00f1o, funcionalidad y confort\u201d.<\/p> <p>Desde 2013, Culmia ya ha entregado m\u00e1s de 8.000 viviendas en m\u00e1s de 126 promociones. Te recomendamos leer esta nota de prensa escuchando nuestra playlist\u00a0<a href=\"https:\/\/open.spotify.com\/playlist\/1nZjajBITVHY7ZVKMwRrrc?si=C1mys3AkRhqXKyDEQrNR_Q\" rel=\"nofollow noopener\" target=\"_blank\">\u2018Destino, Comunidad Valenciana\u2019<\/a><\/p> <p><a href=\"https:\/\/www.culmia.com\/wp-content\/uploads\/2025\/07\/20250717_NdP_Culmia_Entrega-Culmia-El-Forti-de-Denia.pdf\" target=\"_blank\" rel=\"noopener\">Descarga la noticia<\/a><\/p>","protected":false},"excerpt":{"rendered":"<p>El conjunto residencial cuenta con un total de 35 viviendas &#8230;<\/p>\n","protected":false},"author":15,"featured_media":17781,"comment_status":"open","ping_status":"open","sticky":false,"template":"","format":"standard","meta":{"_acf_changed":false,"footnotes":""},"categories":[1306,121],"tags":[],"class_list":["post-17780","post","type-post","status-publish","format-standard","has-post-thumbnail","hentry","category-culmia","category-actualidad"],"acf":[],"_links":{"self":[{"href":"https:\/\/www.culmia.com\/es\/wp-json\/wp\/v2\/posts\/17780","targetHints":{"allow":["GET"]}}],"collection":[{"href":"https:\/\/www.culmia.com\/es\/wp-json\/wp\/v2\/posts"}],"about":[{"href":"https:\/\/www.culmia.com\/es\/wp-json\/wp\/v2\/types\/post"}],"author":[{"embeddable":true,"href":"https:\/\/www.culmia.com\/es\/wp-json\/wp\/v2\/users\/15"}],"replies":[{"embeddable":true,"href":"https:\/\/www.culmia.com\/es\/wp-json\/wp\/v2\/comments?post=17780"}],"version-history":[{"count":5,"href":"https:\/\/www.culmia.com\/es\/wp-json\/wp\/v2\/posts\/17780\/revisions"}],"predecessor-version":[{"id":25527,"href":"https:\/\/www.culmia.com\/es\/wp-json\/wp\/v2\/posts\/17780\/revisions\/25527"}],"wp:featuredmedia":[{"embeddable":true,"href":"https:\/\/www.culmia.com\/es\/wp-json\/wp\/v2\/media\/17781"}],"wp:attachment":[{"href":"https:\/\/www.culmia.com\/es\/wp-json\/wp\/v2\/media?parent=17780"}],"wp:term":[{"taxonomy":"category","embeddable":true,"href":"https:\/\/www.culmia.com\/es\/wp-json\/wp\/v2\/categories?post=17780"},{"taxonomy":"post_tag","embeddable":true,"href":"https:\/\/www.culmia.com\/es\/wp-json\/wp\/v2\/tags?post=17780"}],"curies":[{"name":"wp","href":"https:\/\/api.w.org\/{rel}","templated":true}]}}