{"id":17775,"date":"2025-07-22T09:56:37","date_gmt":"2025-07-22T07:56:37","guid":{"rendered":"https:\/\/culmia.dev.emood.es\/?p=17775"},"modified":"2026-04-21T12:32:31","modified_gmt":"2026-04-21T10:32:31","slug":"proyecto-barcelona-usos-residenciales","status":"publish","type":"post","link":"https:\/\/www.culmia.com\/es\/blog\/proyecto-barcelona-usos-residenciales\/","title":{"rendered":"Culmia completa un nuevo desarrollo urbano en Barcelona con usos residenciales, comerciales y asistenciales"},"content":{"rendered":"<ul> <li>El proyecto est\u00e1 formado por una residencia de mayores, dos locales comerciales, dos edificios residenciales y 6.300 m\u00b2 de zonas verdes.<\/li> <li>El conjunto residencial, Themis Riera, cuenta con 85 viviendas de 2, 3 y 4 dormitorios con terraza, as\u00ed como garaje y trastero. Adem\u00e1s, cuenta con una piscina comunitaria en planta \u00e1tico y sol\u00e1rium.<\/li> <li>Culmia Themis Riera cuenta con calificaci\u00f3n energ\u00e9tica B.<\/li> <\/ul> <p><img decoding=\"async\" class=\"alignnone size-full wp-image-17776\" src=\"https:\/\/www.culmia.com\/wp-content\/uploads\/2025\/09\/th_Imagenes-NDP-32.jpg\" alt=\"\" width=\"1920\" height=\"905\" title=\"\" srcset=\"https:\/\/www.culmia.com\/wp-content\/uploads\/2025\/09\/th_Imagenes-NDP-32-200x94.jpg 200w, https:\/\/www.culmia.com\/wp-content\/uploads\/2025\/09\/th_Imagenes-NDP-32-300x141.jpg 300w, https:\/\/www.culmia.com\/wp-content\/uploads\/2025\/09\/th_Imagenes-NDP-32-400x189.jpg 400w, https:\/\/www.culmia.com\/wp-content\/uploads\/2025\/09\/th_Imagenes-NDP-32-600x283.jpg 600w, https:\/\/www.culmia.com\/wp-content\/uploads\/2025\/09\/th_Imagenes-NDP-32-768x362.jpg 768w, https:\/\/www.culmia.com\/wp-content\/uploads\/2025\/09\/th_Imagenes-NDP-32-800x377.jpg 800w, https:\/\/www.culmia.com\/wp-content\/uploads\/2025\/09\/th_Imagenes-NDP-32-1024x483.jpg 1024w, https:\/\/www.culmia.com\/wp-content\/uploads\/2025\/09\/th_Imagenes-NDP-32-1200x566.jpg 1200w, https:\/\/www.culmia.com\/wp-content\/uploads\/2025\/09\/th_Imagenes-NDP-32-1536x724.jpg 1536w, https:\/\/www.culmia.com\/wp-content\/uploads\/2025\/09\/th_Imagenes-NDP-32.jpg 1920w\" sizes=\"(max-width: 1920px) 100vw, 1920px\" \/><\/p> <p><strong>24 de julio de 2025-<\/strong>\u00a0Culmia, la plataforma inmobiliaria que concentra \u00edntegramente las soluciones de vivienda del mercado, entrega su promoci\u00f3n\u00a0<strong>Culmia Themis Riera<\/strong>\u00a0en\u00a0<strong>Barcelona<\/strong>\u00a0en el marco de su desarrollo mixto residencial y comercial formado por una residencia geri\u00e1trica, dos locales comerciales, dos edificios de viviendas y 6.300 m\u00b2 de zonas verdes.<\/p> <p>La promoci\u00f3n Culmia Themis Riera dispone de\u00a0<strong>dos edificios<\/strong>\u00a0con un total de\u00a0<strong>85 viviendas<\/strong>\u00a0<strong>de 2, 3 y 4 dormitorios con terraza<\/strong>, cuya superficie oscila entre los\u00a0<strong>90 m\u00b2 y los 129 m\u00b2.<\/strong><\/p> <p>El conjunto residencial cuenta con\u00a0<strong>plazas de garaje y trastero<\/strong>, as\u00ed como con una\u00a0<strong>piscina comunitaria<\/strong>\u00a0en la planta \u00e1tico de uno de sus edificios, y\u00a0<strong>sol\u00e1rium<\/strong>. Adem\u00e1s, la promoci\u00f3n dispone tambi\u00e9n de un\u00a0<strong>Espacio Smart Box<\/strong>, un buz\u00f3n inteligente que permite recibir paqueter\u00eda durante las 24 horas del d\u00eda a lo largo de toda la semana.<\/p> <p>La variedad de tipolog\u00edas y tama\u00f1os de las viviendas de Culmia Themis Riera ofrece una propuesta vers\u00e1til con una amplia gama de opciones que se ajustan a las necesidad y estilos de vida de cada persona. De esta manera, la distribuci\u00f3n de las mismas est\u00e1 pensada para aprovechar al m\u00e1ximo los espacios.<\/p> <p>La promoci\u00f3n cuenta con\u00a0<strong>calificaci\u00f3n energ\u00e9tica B,<\/strong>\u00a0tanto en consumo de energ\u00eda como en emisiones. Los edificios disponen de\u00a0<strong>aerotermia<\/strong>\u00a0para la producci\u00f3n de agua caliente sanitaria, lo que ayuda a cuidar el medio ambiente y reducir el gasto energ\u00e9tico. A la vez, las viviendas han sido dise\u00f1adas con un sistema de aislamiento que logra aislar las temperaturas y el ruido ac\u00fastico, alcanzando un mayor nivel de eficiencia y confort.<\/p> <p>Culmia Themis Riera est\u00e1 situada en el\u00a0<strong>distrito de Sants<\/strong>, en Barcelona, cerca de todo tipo de servicios que incluyen supermercados, farmacias, centros m\u00e9dicos, colegios institutos y una amplia variedad de tiendas de comercio local y grandes superficies.<\/p> <p>Adem\u00e1s, cerca de la promoci\u00f3n se encuentra un parque p\u00fablico de 5.000 m2 para disfrutar de la naturaleza.<\/p> <p>El conjunto residencial, ubicado a pocos minutos del\u00a0<strong>Metro Ciudad de la Justicia<\/strong>, se encuentra perfectamente conectado a las principales salidas de Barcelona por la C-31, la B-32, A-2 y ronda litoral. Tambi\u00e9n est\u00e1 a tan solo 10 minutos del aeropuerto, 20 minutos de la playa y 15 minutos del centro de Barcelona.<\/p> <p>Para\u00a0<strong>Josep Mar\u00eda Cases<\/strong>, director territorial de Catalu\u00f1a de Culmia, \u201ccon la entrega de la promoci\u00f3n Culmia Themis Riera seguimos dinamizando nuestra actividad en Catalu\u00f1a, territorio clave para nuestra compa\u00f1\u00eda. Con este nuevo conjunto residencial ampliaremos el parque de vivienda de obra nueva donde ya hemos entregado m\u00e1s de 3.000 viviendas. Mediante la finalizaci\u00f3n de este proyecto mantenemos nuestra apuesta por ofertar vivienda de calidad en Barcelona, ajustada a las necesidades de todos los usuarios en espacio y confort\u201d.<\/p> <p>Desde 2013, Culmia ha entregado m\u00e1s de 8.000 viviendas en m\u00e1s de 126 promociones en toda Espa\u00f1a.<\/p> <p>Te recomendamos leer esta nota de prensa escuchando\u00a0<a href=\"https:\/\/open.spotify.com\/playlist\/6Apte3b4NAwNNmaLzKBZbw?si=msBYdCQcSSStLHVTBz-uHQ\" rel=\"nofollow noopener\" target=\"_blank\">nuestra playlist \u2018Destino, Catalu\u00f1a\u2019.<\/a><\/p> <p><a href=\"https:\/\/www.culmia.com\/wp-content\/uploads\/2025\/07\/20250724_NdP_Culmia_Entrega-Culmia-Thermis-Riera-en-Barcelona.pdf\" target=\"_blank\" rel=\"noopener\">Descarga la noticia<\/a><\/p>","protected":false},"excerpt":{"rendered":"<p>El proyecto est\u00e1 formado por una residencia de mayores, dos &#8230;<\/p>\n","protected":false},"author":15,"featured_media":17776,"comment_status":"open","ping_status":"open","sticky":false,"template":"","format":"standard","meta":{"_acf_changed":false,"footnotes":""},"categories":[121,1306],"tags":[],"class_list":["post-17775","post","type-post","status-publish","format-standard","has-post-thumbnail","hentry","category-actualidad","category-culmia"],"acf":[],"_links":{"self":[{"href":"https:\/\/www.culmia.com\/es\/wp-json\/wp\/v2\/posts\/17775","targetHints":{"allow":["GET"]}}],"collection":[{"href":"https:\/\/www.culmia.com\/es\/wp-json\/wp\/v2\/posts"}],"about":[{"href":"https:\/\/www.culmia.com\/es\/wp-json\/wp\/v2\/types\/post"}],"author":[{"embeddable":true,"href":"https:\/\/www.culmia.com\/es\/wp-json\/wp\/v2\/users\/15"}],"replies":[{"embeddable":true,"href":"https:\/\/www.culmia.com\/es\/wp-json\/wp\/v2\/comments?post=17775"}],"version-history":[{"count":4,"href":"https:\/\/www.culmia.com\/es\/wp-json\/wp\/v2\/posts\/17775\/revisions"}],"predecessor-version":[{"id":25520,"href":"https:\/\/www.culmia.com\/es\/wp-json\/wp\/v2\/posts\/17775\/revisions\/25520"}],"wp:featuredmedia":[{"embeddable":true,"href":"https:\/\/www.culmia.com\/es\/wp-json\/wp\/v2\/media\/17776"}],"wp:attachment":[{"href":"https:\/\/www.culmia.com\/es\/wp-json\/wp\/v2\/media?parent=17775"}],"wp:term":[{"taxonomy":"category","embeddable":true,"href":"https:\/\/www.culmia.com\/es\/wp-json\/wp\/v2\/categories?post=17775"},{"taxonomy":"post_tag","embeddable":true,"href":"https:\/\/www.culmia.com\/es\/wp-json\/wp\/v2\/tags?post=17775"}],"curies":[{"name":"wp","href":"https:\/\/api.w.org\/{rel}","templated":true}]}}