{"id":17754,"date":"2025-09-09T09:46:22","date_gmt":"2025-09-09T07:46:22","guid":{"rendered":"https:\/\/culmia.dev.emood.es\/?p=17754"},"modified":"2026-04-21T12:14:58","modified_gmt":"2026-04-21T10:14:58","slug":"entrega-promocion-themis-riera","status":"publish","type":"post","link":"https:\/\/www.culmia.com\/es\/blog\/entrega-promocion-themis-riera\/","title":{"rendered":"Culmia entrega el local comercial y la residencia de mayores de su promoci\u00f3n Themis Riera en Barcelona"},"content":{"rendered":"<ul> <li>El proyecto est\u00e1 formado por un conjunto residencial de<strong>\u00a085 viviendas<\/strong>\u00a0entregadas hace unas semanas, una residencia de mayores, dos locales comerciales, y 6.300 m\u00b2 de zonas verdes.<\/li> <li>El local comercial tiene una\u00a0<strong>superficie de 7.973,15 m\u00b2,<\/strong>\u00a0con planta sobre rasante m\u00e1s planta s\u00f3tano. El otro local comercial de la promoci\u00f3n tiene una superficie de 171,91 m\u00b2.<\/li> <li>Y la<strong>\u00a0residencia de mayores ocupa una superficie de 8.700 m\u00b2,<\/strong>\u00a0distribuidos en planta baja m\u00e1s ocho alturas y con espacio para 190 plazas.<\/li> <\/ul> <p><img decoding=\"async\" class=\"alignnone size-full wp-image-17755\" src=\"https:\/\/www.culmia.com\/wp-content\/uploads\/2025\/09\/Imagenes-NDP-2.jpg\" alt=\"\" width=\"1920\" height=\"672\" title=\"\" srcset=\"https:\/\/www.culmia.com\/wp-content\/uploads\/2025\/09\/Imagenes-NDP-2-200x70.jpg 200w, https:\/\/www.culmia.com\/wp-content\/uploads\/2025\/09\/Imagenes-NDP-2-300x105.jpg 300w, https:\/\/www.culmia.com\/wp-content\/uploads\/2025\/09\/Imagenes-NDP-2-400x140.jpg 400w, https:\/\/www.culmia.com\/wp-content\/uploads\/2025\/09\/Imagenes-NDP-2-600x210.jpg 600w, https:\/\/www.culmia.com\/wp-content\/uploads\/2025\/09\/Imagenes-NDP-2-768x269.jpg 768w, https:\/\/www.culmia.com\/wp-content\/uploads\/2025\/09\/Imagenes-NDP-2-800x280.jpg 800w, https:\/\/www.culmia.com\/wp-content\/uploads\/2025\/09\/Imagenes-NDP-2-1024x358.jpg 1024w, https:\/\/www.culmia.com\/wp-content\/uploads\/2025\/09\/Imagenes-NDP-2-1200x420.jpg 1200w, https:\/\/www.culmia.com\/wp-content\/uploads\/2025\/09\/Imagenes-NDP-2-1536x538.jpg 1536w, https:\/\/www.culmia.com\/wp-content\/uploads\/2025\/09\/Imagenes-NDP-2.jpg 1920w\" sizes=\"(max-width: 1920px) 100vw, 1920px\" \/><\/p> <p><strong>9 de septiembre de 2025<\/strong>\u00a0-\u00a0<strong>Culmia<\/strong>, la plataforma inmobiliaria que concentra \u00edntegramente las soluciones de vivienda del mercado,\u00a0<strong>entrega el local comercial y la residencia de mayores de su\u00a0<a href=\"https:\/\/www.culmia.com\/es\/promociones\/barcelona\/barcelona\/culmia-themis-riera\">promoci\u00f3n Culmia Themis Riera\u00a0<\/a>en Barcelona<\/strong>, el desarrollo mixto residencial y comercial formado por una residencia geri\u00e1trica, dos locales comerciales, dos edificios de viviendas y 6.300 m\u00b2 de zonas verdes.<\/p> <p>La compa\u00f1\u00eda hace\u00a0<strong>entrega de un local comercial al Grupo Bon Preu<\/strong>, empresa catalana del sector de la alimentaci\u00f3n. Un local con una superficie de 7.973,15 m\u00b2, con planta sobre rasante m\u00e1s planta s\u00f3tano.<\/p> <p>El otro local comercial de la promoci\u00f3n, ubicado en la planta baja, cuenta con una una superficie de 171,91 m2 y est\u00e1 orientado a la calle Quetzal.<\/p> <p>Adem\u00e1s, tambi\u00e9n\u00a0<strong>se ha entregado la residencia de mayores a un grupo inversor privado<\/strong>. Se trata de un edificio de 8.700 m\u00b2, distribuidos en planta baja m\u00e1s ocho alturas y con espacio para 190 plazas. Adem\u00e1s, cabe destacar que est\u00e1 en curso la obtenci\u00f3n de la certificaci\u00f3n BREEAM.<\/p> <p>Hace unas semanas Culmia ya entreg\u00f3 la<strong>\u00a0parte residencial de esta promoci\u00f3n que consta de dos edificios con un total de 85 viviendas de 2, 3 y 4 dormitorios con terraza<\/strong>, cuya superficie oscila entre los 90 m\u00b2 y los 129 m\u00b2. El conjunto residencial cuenta con plazas de garaje y trastero, as\u00ed como con una piscina comunitaria en la planta \u00e1tico de uno de sus edificios y sol\u00e1rium.<\/p> <h2>Culmia Themis Riera<\/h2> <p><strong>Culmia Themis Riera est\u00e1 situada en el distrito de Sants, en Barcelona<\/strong>, cerca de todo tipo de servicios y de una amplia variedad de comercios. Adem\u00e1s, cerca de la promoci\u00f3n se encuentra un parque p\u00fablico de 5.000 m2 para disfrutar de la naturaleza.<\/p> <p>Se encuentra a<strong>\u00a0pocos minutos del Metro Ciudad de la Justicia<\/strong>, perfectamente conectado a las principales salidas de Barcelona por la C-31, la B-32, A-2 y ronda litoral. Tambi\u00e9n est\u00e1 a tan solo 10 minutos del aeropuerto, 20 minutos de la playa y 15 minutos del centro de Barcelona.<\/p> <p><strong>Para Josep Mar\u00eda Cases<\/strong>, director territorial de Catalu\u00f1a y Este de Culmia, \u201cla entrega de los locales comerciales y la residencia de mayores de Themis Riera\u00a0<strong>supone un paso m\u00e1s en nuestro compromiso con el desarrollo de proyectos integrales y sostenibles<\/strong>\u00a0que aportan valor real a las ciudades. Esta promoci\u00f3n es un ejemplo de c\u00f3mo entendemos el urbanismo moderno: combinando vivienda, servicios y espacios verdes en una\u00a0<strong>ubicaci\u00f3n estrat\u00e9gica de Barcelona<\/strong>\u00a0para mejorar la calidad de vida de las personas\u201d.<\/p> <p>Desde 2013, Culmia ha entregado m\u00e1s de 8.000 viviendas en m\u00e1s de 126 promociones en toda Espa\u00f1a.<\/p> <p>Te recomendamos leer esta nota de prensa escuchando\u00a0<a href=\"https:\/\/open.spotify.com\/intl-es\/album\/4dPBUpgpgdXdeeUyEOh8jT?si=RuH8RXSbQnmFneNq9zEalQ\" rel=\"nofollow noopener\" target=\"_blank\">nuestra playlist \u2018Destino, Catalu\u00f1a\u2019.<\/a><\/p> <p><a href=\"https:\/\/www.culmia.com\/wp-content\/uploads\/2025\/09\/20250724_NdP_Culmia_Entrega-Culmia-Thermis-Riera-en-Barcelona.pdf\" target=\"_blank\" rel=\"noopener\">Descarga la nota de prensa aqu\u00ed<\/a><\/p>","protected":false},"excerpt":{"rendered":"<p>El proyecto est\u00e1 formado por un conjunto residencial de\u00a085 viviendas\u00a0entregadas &#8230;<\/p>\n","protected":false},"author":15,"featured_media":17755,"comment_status":"open","ping_status":"open","sticky":false,"template":"","format":"standard","meta":{"_acf_changed":false,"footnotes":""},"categories":[121,1306],"tags":[],"class_list":["post-17754","post","type-post","status-publish","format-standard","has-post-thumbnail","hentry","category-actualidad","category-culmia"],"acf":[],"_links":{"self":[{"href":"https:\/\/www.culmia.com\/es\/wp-json\/wp\/v2\/posts\/17754","targetHints":{"allow":["GET"]}}],"collection":[{"href":"https:\/\/www.culmia.com\/es\/wp-json\/wp\/v2\/posts"}],"about":[{"href":"https:\/\/www.culmia.com\/es\/wp-json\/wp\/v2\/types\/post"}],"author":[{"embeddable":true,"href":"https:\/\/www.culmia.com\/es\/wp-json\/wp\/v2\/users\/15"}],"replies":[{"embeddable":true,"href":"https:\/\/www.culmia.com\/es\/wp-json\/wp\/v2\/comments?post=17754"}],"version-history":[{"count":5,"href":"https:\/\/www.culmia.com\/es\/wp-json\/wp\/v2\/posts\/17754\/revisions"}],"predecessor-version":[{"id":28172,"href":"https:\/\/www.culmia.com\/es\/wp-json\/wp\/v2\/posts\/17754\/revisions\/28172"}],"wp:featuredmedia":[{"embeddable":true,"href":"https:\/\/www.culmia.com\/es\/wp-json\/wp\/v2\/media\/17755"}],"wp:attachment":[{"href":"https:\/\/www.culmia.com\/es\/wp-json\/wp\/v2\/media?parent=17754"}],"wp:term":[{"taxonomy":"category","embeddable":true,"href":"https:\/\/www.culmia.com\/es\/wp-json\/wp\/v2\/categories?post=17754"},{"taxonomy":"post_tag","embeddable":true,"href":"https:\/\/www.culmia.com\/es\/wp-json\/wp\/v2\/tags?post=17754"}],"curies":[{"name":"wp","href":"https:\/\/api.w.org\/{rel}","templated":true}]}}