{"id":10454,"date":"2025-07-10T06:51:18","date_gmt":"2025-07-10T06:51:18","guid":{"rendered":"https:\/\/culmia.dev.emood.es\/?p=10454"},"modified":"2025-12-09T12:57:27","modified_gmt":"2025-12-09T11:57:27","slug":"informe-vivienda-asequible-cataluna","status":"publish","type":"post","link":"https:\/\/www.culmia.com\/es\/blog\/informe-vivienda-asequible-cataluna\/","title":{"rendered":"Informe vivienda asequible Catalu\u00f1a"},"content":{"rendered":"<div class=\"fusion-fullwidth fullwidth-box fusion-builder-row-1 fusion-flex-container nonhundred-percent-fullwidth non-hundred-percent-height-scrolling\" style=\"--awb-border-radius-top-left:0px;--awb-border-radius-top-right:0px;--awb-border-radius-bottom-right:0px;--awb-border-radius-bottom-left:0px;--awb-flex-wrap:wrap;\" ><div class=\"fusion-builder-row fusion-row fusion-flex-align-items-flex-start fusion-flex-content-wrap\" style=\"max-width:1726.4px;margin-left: calc(-4% \/ 2 );margin-right: calc(-4% \/ 2 );\"><div class=\"fusion-layout-column fusion_builder_column fusion-builder-column-0 fusion_builder_column_1_1 1_1 fusion-flex-column\" style=\"--awb-bg-size:cover;--awb-width-large:100%;--awb-margin-top-large:0px;--awb-spacing-right-large:1.92%;--awb-margin-bottom-large:0px;--awb-spacing-left-large:1.92%;--awb-width-medium:100%;--awb-spacing-right-medium:1.92%;--awb-spacing-left-medium:1.92%;--awb-width-small:100%;--awb-spacing-right-small:1.92%;--awb-spacing-left-small:1.92%;\"><div class=\"fusion-column-wrapper fusion-flex-justify-content-flex-start fusion-content-layout-column\"><div class=\"fusion-text fusion-text-1\"><p><img decoding=\"async\" class=\"alignnone wp-image-10450 size-full\" src=\"https:\/\/www.culmia.com\/wp-content\/uploads\/2025\/07\/prueba-informes.jpg\" alt=\"vivienda asequible en Catalu\u00f1a\" width=\"1904\" height=\"1128\" title=\"\" srcset=\"https:\/\/www.culmia.com\/wp-content\/uploads\/2025\/07\/prueba-informes-200x118.jpg 200w, https:\/\/www.culmia.com\/wp-content\/uploads\/2025\/07\/prueba-informes-300x178.jpg 300w, https:\/\/www.culmia.com\/wp-content\/uploads\/2025\/07\/prueba-informes-400x237.jpg 400w, https:\/\/www.culmia.com\/wp-content\/uploads\/2025\/07\/prueba-informes-600x355.jpg 600w, https:\/\/www.culmia.com\/wp-content\/uploads\/2025\/07\/prueba-informes-768x455.jpg 768w, https:\/\/www.culmia.com\/wp-content\/uploads\/2025\/07\/prueba-informes-800x474.jpg 800w, https:\/\/www.culmia.com\/wp-content\/uploads\/2025\/07\/prueba-informes-1024x607.jpg 1024w, https:\/\/www.culmia.com\/wp-content\/uploads\/2025\/07\/prueba-informes-1200x711.jpg 1200w, https:\/\/www.culmia.com\/wp-content\/uploads\/2025\/07\/prueba-informes-1536x910.jpg 1536w, https:\/\/www.culmia.com\/wp-content\/uploads\/2025\/07\/prueba-informes.jpg 1904w\" sizes=\"(max-width: 1904px) 100vw, 1904px\" \/><\/p> <p><strong>Catalu\u00f1a<\/strong> refleja los grandes <strong>retos de acceso a la vivienda asequible que vive Espa\u00f1a<\/strong>, pero con particularidades propias en precios, demanda y oferta. Este informe analiza la<strong> situaci\u00f3n y se\u00f1ala oportunidades para impulsar soluciones efectivas en el territorio.<\/strong><\/p> <ul> <li>\u00bfCu\u00e1nta<strong> inversi\u00f3n p\u00fablica hay que hacer en Catalu\u00f1a<\/strong> y d\u00f3nde hay que destinarla para destensar el mercado de alquiler?<\/li> <li>\u00bfCu\u00e1ntas<strong> viviendas se pueden construir en Barcelona con el suelo que hay<\/strong> actualmente disponible?<\/li> <li>\u00bf<strong>C\u00f3mo ha variado el presupuesto p\u00fablico<\/strong> destinado a vivienda en Catalu\u00f1a?<\/li> <li>C<strong>u\u00e1nto d\u00e9ficit hemos localizado en Barcelona<\/strong> a largo plazo con la necesidad actual de vivienda<\/li> <\/ul> <\/div><div ><a class=\"fusion-button button-flat fusion-button-default-size button-custom fusion-button-default button-1 fusion-button-default-span fusion-button-default-type fusion-animated culmia-btn-primary\" style=\"--button_accent_color:var(--awb-color8);--button_border_color:var(--awb-color8);--button_accent_hover_color:var(--awb-color8);--button_border_hover_color:var(--awb-color8);--button_gradient_top_color:var(--awb-custom_color_20);--button_gradient_bottom_color:var(--awb-custom_color_20);--button_gradient_top_color_hover:var(--awb-custom_color_19);--button_gradient_bottom_color_hover:var(--awb-custom_color_19);--button_padding-right:16px;--button_padding-left:16px;--button_margin-top:40px;--button_margin-bottom:40px;\" data-animationtype=\"fadeInLeft\" data-animationduration=\"1.0\" data-animationdelay=\"0.8\" data-animationoffset=\"top-into-view\" target=\"_blank\" rel=\"noopener noreferrer\" href=\"\/wp-content\/uploads\/2025\/09\/20231127-Culmia-Acceso-a-vivienda-en-Espana-Objetivo-Cataluna.pdf\"><span class=\"fusion-button-text awb-button__text awb-button__text--default\">Descargar Informe<\/span><i class=\"icon-16Download awb-button__icon awb-button__icon--default button-icon-right\" aria-hidden=\"true\"><\/i><\/a><\/div><div class=\"fusion-text fusion-text-2\" style=\"--awb-font-size:var(--awb-custom_typography_12-font-size);--awb-line-height:var(--awb-custom_typography_12-line-height);--awb-letter-spacing:var(--awb-custom_typography_12-letter-spacing);--awb-text-transform:var(--awb-custom_typography_12-text-transform);--awb-text-color:#415254;--awb-text-font-family:var(--awb-custom_typography_12-font-family);--awb-text-font-weight:var(--awb-custom_typography_12-font-weight);--awb-text-font-style:var(--awb-custom_typography_12-font-style);\"><p>*Informe elaborado por Culmia en colaboraci\u00f3n con GAD3, consultora de investigaci\u00f3n social y comunicaci\u00f3n y el Institut Cerd\u00e0.<\/p> <\/div><\/div><\/div><\/div><\/div>","protected":false},"excerpt":{"rendered":"","protected":false},"author":5,"featured_media":19244,"comment_status":"open","ping_status":"open","sticky":false,"template":"","format":"standard","meta":{"_acf_changed":false,"footnotes":""},"categories":[223],"tags":[],"class_list":["post-10454","post","type-post","status-publish","format-standard","has-post-thumbnail","hentry","category-informes"],"acf":[],"_links":{"self":[{"href":"https:\/\/www.culmia.com\/es\/wp-json\/wp\/v2\/posts\/10454","targetHints":{"allow":["GET"]}}],"collection":[{"href":"https:\/\/www.culmia.com\/es\/wp-json\/wp\/v2\/posts"}],"about":[{"href":"https:\/\/www.culmia.com\/es\/wp-json\/wp\/v2\/types\/post"}],"author":[{"embeddable":true,"href":"https:\/\/www.culmia.com\/es\/wp-json\/wp\/v2\/users\/5"}],"replies":[{"embeddable":true,"href":"https:\/\/www.culmia.com\/es\/wp-json\/wp\/v2\/comments?post=10454"}],"version-history":[{"count":12,"href":"https:\/\/www.culmia.com\/es\/wp-json\/wp\/v2\/posts\/10454\/revisions"}],"predecessor-version":[{"id":28649,"href":"https:\/\/www.culmia.com\/es\/wp-json\/wp\/v2\/posts\/10454\/revisions\/28649"}],"wp:featuredmedia":[{"embeddable":true,"href":"https:\/\/www.culmia.com\/es\/wp-json\/wp\/v2\/media\/19244"}],"wp:attachment":[{"href":"https:\/\/www.culmia.com\/es\/wp-json\/wp\/v2\/media?parent=10454"}],"wp:term":[{"taxonomy":"category","embeddable":true,"href":"https:\/\/www.culmia.com\/es\/wp-json\/wp\/v2\/categories?post=10454"},{"taxonomy":"post_tag","embeddable":true,"href":"https:\/\/www.culmia.com\/es\/wp-json\/wp\/v2\/tags?post=10454"}],"curies":[{"name":"wp","href":"https:\/\/api.w.org\/{rel}","templated":true}]}}